{"id":11840,"date":"2025-09-15T17:00:23","date_gmt":"2025-09-15T20:00:23","guid":{"rendered":"https:\/\/lalupa24.com.ar\/?p=11840"},"modified":"2025-09-15T17:00:25","modified_gmt":"2025-09-15T20:00:25","slug":"11840","status":"publish","type":"post","link":"https:\/\/lalupa24.com.ar\/index.php\/2025\/09\/15\/11840\/","title":{"rendered":""},"content":{"rendered":"\n<p>El ministerio de producci\u00f3n reafirm\u00f3 su compromiso con la sustentabilidad en agronea Pampa 2025<\/p>\n\n\n\n<p><em>\u201dEl compromiso es claro: preservar el bosque nativo, garantizar la producci\u00f3n y acompa\u00f1ar a quienes trabajan la tierra, cumpliendo con las normas provinciales, nacionales e internacionales\u201d, subray\u00f3 el ministro Oscar Dudik, acompa\u00f1ado por la intendente de la localidad, Glenda Seifert y el subsecretario de Desarrollo Forestal, Oscar Navarro.<\/em><\/p>\n\n\n\n<p>En el marco de la 2\u00b0 Expo Agronea Pampa 2025 \u201cInnovaci\u00f3n sin Fronteras\u201d, el Ministerio de la Producci\u00f3n y el Desarrollo Econ\u00f3mico Sostenible, ratific\u00f3 su compromiso con una producci\u00f3n sustentable que proteja el bosque nativo y asegure el futuro productivo del Chaco.<br>Durante el panel sobre \u201cCambio de Uso de Suelo y Monte Nativo\u201d, referentes del Estado provincial, productores forestales y agropecuarios; t\u00e9cnicos y p\u00fablico en general participaron de un espacio de di\u00e1logo abierto.<br>Los expositores fueron el ingeniero Miguel \u00c1ngel L\u00f3pez, el productor Sergio Listelo y Gonzalo Ria\u00f1o, del Instituto de Investigaciones Forestales y Agropecuarias (IIFA).<br>La participaci\u00f3n del Ministerio en Agronea Pampa consolida un mensaje clave para el Chaco, que es continuar impulsando una agenda productiva con visi\u00f3n de futuro, basada en la sustentabilidad, el di\u00e1logo y la innovaci\u00f3n, para seguir siendo motor de desarrollo regional.<br>Agronea Pampa se ratifica as\u00ed como una vidriera de la producci\u00f3n chaque\u00f1a, donde sector p\u00fablico y privado trabajan codo a codo para abrir nuevas oportunidades y consolidar el crecimiento de una regi\u00f3n que ya se proyecta como la nueva frontera agr\u00edcola del oeste chaque\u00f1o.<\/p>\n","protected":false},"excerpt":{"rendered":"<p>El ministerio de producci\u00f3n reafirm\u00f3 su compromiso con la sustentabilidad en agronea Pampa 2025 \u201dEl compromiso es claro: preservar el bosque nativo, garantizar la producci\u00f3n y acompa\u00f1ar a quienes trabajan la tierra, cumpliendo con las normas provinciales, nacionales e internacionales\u201d, subray\u00f3 el ministro Oscar Dudik, acompa\u00f1ado por la intendente de la localidad, Glenda Seifert y [&hellip;]<\/p>\n","protected":false},"author":2,"featured_media":11841,"comment_status":"open","ping_status":"open","sticky":false,"template":"","format":"standard","meta":{"footnotes":""},"categories":[27,28],"tags":[],"class_list":{"0":"post-11840","1":"post","2":"type-post","3":"status-publish","4":"format-standard","5":"has-post-thumbnail","7":"category-interior","8":"category-locales"},"aioseo_notices":[],"_links":{"self":[{"href":"https:\/\/lalupa24.com.ar\/index.php\/wp-json\/wp\/v2\/posts\/11840","targetHints":{"allow":["GET"]}}],"collection":[{"href":"https:\/\/lalupa24.com.ar\/index.php\/wp-json\/wp\/v2\/posts"}],"about":[{"href":"https:\/\/lalupa24.com.ar\/index.php\/wp-json\/wp\/v2\/types\/post"}],"author":[{"embeddable":true,"href":"https:\/\/lalupa24.com.ar\/index.php\/wp-json\/wp\/v2\/users\/2"}],"replies":[{"embeddable":true,"href":"https:\/\/lalupa24.com.ar\/index.php\/wp-json\/wp\/v2\/comments?post=11840"}],"version-history":[{"count":1,"href":"https:\/\/lalupa24.com.ar\/index.php\/wp-json\/wp\/v2\/posts\/11840\/revisions"}],"predecessor-version":[{"id":11842,"href":"https:\/\/lalupa24.com.ar\/index.php\/wp-json\/wp\/v2\/posts\/11840\/revisions\/11842"}],"wp:featuredmedia":[{"embeddable":true,"href":"https:\/\/lalupa24.com.ar\/index.php\/wp-json\/wp\/v2\/media\/11841"}],"wp:attachment":[{"href":"https:\/\/lalupa24.com.ar\/index.php\/wp-json\/wp\/v2\/media?parent=11840"}],"wp:term":[{"taxonomy":"category","embeddable":true,"href":"https:\/\/lalupa24.com.ar\/index.php\/wp-json\/wp\/v2\/categories?post=11840"},{"taxonomy":"post_tag","embeddable":true,"href":"https:\/\/lalupa24.com.ar\/index.php\/wp-json\/wp\/v2\/tags?post=11840"}],"curies":[{"name":"wp","href":"https:\/\/api.w.org\/{rel}","templated":true}]}}