{"id":11851,"date":"2025-09-16T21:52:36","date_gmt":"2025-09-17T00:52:36","guid":{"rendered":"https:\/\/lalupa24.com.ar\/?p=11851"},"modified":"2025-09-16T21:52:37","modified_gmt":"2025-09-17T00:52:37","slug":"se-realiza-manana-otra-marcha-federal-al-congreso-contra-los-vetos-de-milei","status":"publish","type":"post","link":"https:\/\/lalupa24.com.ar\/index.php\/2025\/09\/16\/se-realiza-manana-otra-marcha-federal-al-congreso-contra-los-vetos-de-milei\/","title":{"rendered":"Se realiza ma\u00f1ana otra Marcha Federal al Congreso contra los vetos de Milei"},"content":{"rendered":"\n<p>La sesi\u00f3n especial del Congreso est\u00e1 convocada a las 13, en una jornada en la que el Garrahan estar\u00e1 de paro.<\/p>\n\n\n\n<p>Agrupaciones pol\u00edticas, estudiantiles y sindicales realizar\u00e1n ma\u00f1ana la tercera Marcha Federal frente al Congreso para protestar contra los vetos del presidente Javier Milei a las leyes de financiamiento educativo y de emergencia pedi\u00e1trica.<\/p>\n\n\n\n<p>Partidos opositores, la CGT, las dos CTA y movimientos sociales nutrir\u00e1n las columnas de manifestantes que se concentrar\u00e1n desde el mediod\u00eda frente al parlamento para exigir a los legisladores que rechacen los recientes vetos en momentos en que adentro del recinto de Diputados se estar\u00e1 sesionando para tratar ese tema.<\/p>\n\n\n\n<p>&#8220;Esta CGT estar\u00e1 en el Congreso acompa\u00f1ando a las organizaciones de la salud, a la comunidad universitaria, sindicatos, movimientos sociales, y fuerzas pol\u00edticas en el reclamo colectivo a favor de la salud y la educaci\u00f3n p\u00fablica. Ambas leyes vetadas son producto del consenso alcanzado entre amplios sectores de nuestra sociedad, por eso instamos a las diputadas y diputados a que insistan en la validez de las mismas&#8221;, sostuvo la CGT en la previa.<\/p>\n\n\n\n<p>Por su parte, el titular de la CTA de los Trabajadores y diputado kirchnerista, Hugo Yasky, sostuvo: &#8220;Coincidimos y estamos juntos en la lucha, apoyando reclamos como el del Hospital Garrahan, que necesita recursos para seguir funcionando, y acompa\u00f1ando a los jubilados en defensa de sus derechos&#8221;.<\/p>\n\n\n\n<p>La sesi\u00f3n especial del Congreso est\u00e1 convocada a las 13, en una jornada en la que el Garrahan estar\u00e1 de paro desde las 7 hasta el jueves a la misma hora. Paralelamente, el sindicato del sector APyT convoc\u00f3 a una concentraci\u00f3n, ese mismo d\u00eda, a las 12:30hs., desde la puerta del hospital (Combate de los Pozos 1881) para marchar hacia el Congreso.<\/p>\n\n\n\n<p>La marcha se defini\u00f3 despu\u00e9s de que el presidente Javier Milei vetara, el jueves pasado, la ley que fijaba la actualizaci\u00f3n mensual por inflaci\u00f3n de los sueldos y los gastos de funcionamiento de las universidades p\u00fablicas, adem\u00e1s de la recomposici\u00f3n salarial de docentes y no docentes retroactiva a diciembre de 2023.<\/p>\n\n\n\n<p>Diputados buscar\u00e1 ahora insistir con el proyecto, como ya hizo en el caso de la ley de emergencia en discapacidad.<\/p>\n\n\n\n<p>En tanto, la mayor\u00eda de los sectores que se manifestar\u00e1n consideraron insuficiente el anuncio del mandatario quien, en su discurso en cadena nacional para presentar el Presupuesto 2026, dijo que se le asignar\u00e1 4.8 billones de pesos a las universidades nacionales, con un aumento del gasto en educaci\u00f3n de un 8% por encima de la inflaci\u00f3n y un incremento de fondos para salud de un 17%, tambi\u00e9n por arriba del costo de vida.<\/p>\n","protected":false},"excerpt":{"rendered":"<p>La sesi\u00f3n especial del Congreso est\u00e1 convocada a las 13, en una jornada en la que el Garrahan estar\u00e1 de paro. Agrupaciones pol\u00edticas, estudiantiles y sindicales realizar\u00e1n ma\u00f1ana la tercera Marcha Federal frente al Congreso para protestar contra los vetos del presidente Javier Milei a las leyes de financiamiento educativo y de emergencia pedi\u00e1trica. Partidos [&hellip;]<\/p>\n","protected":false},"author":11,"featured_media":11852,"comment_status":"open","ping_status":"open","sticky":false,"template":"","format":"standard","meta":{"footnotes":""},"categories":[26],"tags":[],"class_list":{"0":"post-11851","1":"post","2":"type-post","3":"status-publish","4":"format-standard","5":"has-post-thumbnail","7":"category-nacionales"},"aioseo_notices":[],"_links":{"self":[{"href":"https:\/\/lalupa24.com.ar\/index.php\/wp-json\/wp\/v2\/posts\/11851","targetHints":{"allow":["GET"]}}],"collection":[{"href":"https:\/\/lalupa24.com.ar\/index.php\/wp-json\/wp\/v2\/posts"}],"about":[{"href":"https:\/\/lalupa24.com.ar\/index.php\/wp-json\/wp\/v2\/types\/post"}],"author":[{"embeddable":true,"href":"https:\/\/lalupa24.com.ar\/index.php\/wp-json\/wp\/v2\/users\/11"}],"replies":[{"embeddable":true,"href":"https:\/\/lalupa24.com.ar\/index.php\/wp-json\/wp\/v2\/comments?post=11851"}],"version-history":[{"count":1,"href":"https:\/\/lalupa24.com.ar\/index.php\/wp-json\/wp\/v2\/posts\/11851\/revisions"}],"predecessor-version":[{"id":11853,"href":"https:\/\/lalupa24.com.ar\/index.php\/wp-json\/wp\/v2\/posts\/11851\/revisions\/11853"}],"wp:featuredmedia":[{"embeddable":true,"href":"https:\/\/lalupa24.com.ar\/index.php\/wp-json\/wp\/v2\/media\/11852"}],"wp:attachment":[{"href":"https:\/\/lalupa24.com.ar\/index.php\/wp-json\/wp\/v2\/media?parent=11851"}],"wp:term":[{"taxonomy":"category","embeddable":true,"href":"https:\/\/lalupa24.com.ar\/index.php\/wp-json\/wp\/v2\/categories?post=11851"},{"taxonomy":"post_tag","embeddable":true,"href":"https:\/\/lalupa24.com.ar\/index.php\/wp-json\/wp\/v2\/tags?post=11851"}],"curies":[{"name":"wp","href":"https:\/\/api.w.org\/{rel}","templated":true}]}}