{"id":11854,"date":"2025-09-16T21:58:12","date_gmt":"2025-09-17T00:58:12","guid":{"rendered":"https:\/\/lalupa24.com.ar\/?p=11854"},"modified":"2025-09-16T21:58:13","modified_gmt":"2025-09-17T00:58:13","slug":"el-senado-sesionara-el-jueves-por-atn-a-pesar-del-intento-del-gobierno-por-desactivar-la-embestida","status":"publish","type":"post","link":"https:\/\/lalupa24.com.ar\/index.php\/2025\/09\/16\/el-senado-sesionara-el-jueves-por-atn-a-pesar-del-intento-del-gobierno-por-desactivar-la-embestida\/","title":{"rendered":"El Senado sesionar\u00e1 el jueves por ATN, a pesar del intento del Gobierno por desactivar la embestida"},"content":{"rendered":"\n<p>Se sumar\u00e1n al temario dos proyectos con dictamen que convierte en ley el Sistema de Alerta Sof\u00eda y otro que agrava las penas para accidentes viales.<\/p>\n\n\n\n<p>El Senado sesionar\u00e1 el pr\u00f3ximo jueves desde las 11 en busca de rechazar el veto el proyecto de distribuci\u00f3n de los Aportes del Tesoro Nacional (ATN) y sancionar la Ley Nicol\u00e1s, aprobada en diciembre del 2023 por la C\u00e1mara de Diputados.<\/p>\n\n\n\n<p>Se sumar\u00e1n al temario dos proyectos con dictamen que convierte en ley el Sistema de Alerta Sof\u00eda y otro que agrava las penas para accidentes viales, seg\u00fan qued\u00f3 definido este martes en una reuni\u00f3n de Labor Parlamentaria presidida por el presidente Provisional del Senado, Bartolom\u00e9 Abdala.<\/p>\n\n\n\n<p>M\u00e1s all\u00e1 de los intentos que pueda hacer el gobierno del presidente Javier Milei para recomponer los v\u00ednculos con los gobernadores de las pr\u00f3ximas horas, la C\u00e1mara de Diputados se avizora como el lugar de negociaci\u00f3n para intentar desactivar la embestida por los ATN.<\/p>\n\n\n\n<p>La C\u00e1mara baja es un territorio menos hostil para el oficialismo, aun cosechando derrotas en las \u00faltimos meses y alguna victoria p\u00edrrica como el sostenimiento del veto al paquete jubilatorio y la moratoria.<\/p>\n\n\n\n<p>El proyecto de los ATN fue impulsado por los mandatarios provinciales y recibi\u00f3 56 votos afirmativos en el recinto senatorial, con ausencias no solo de los libertarios, sino tambi\u00e9n de aquellos senadores que responden a gobernadores que sellaron alianzas provinciales con LLA y otros que juegan libres.<\/p>\n\n\n\n<p>El temario<\/p>\n\n\n\n<p>La Ley Nicol\u00e1s tiene como objetivo evitar mala praxis y diagn\u00f3sticos err\u00f3neos, a ra\u00edz de la muerte del joven Nicol\u00e1s Deanna por meningitis no detectada a tiempo.<\/p>\n\n\n\n<p>En el caso de la Alerta Sof\u00eda se trata de dos proyectos presentados por el senador Juan Carlos Romero (Salta).<\/p>\n\n\n\n<p>En el primero, se propon\u00eda darle un marco normativo a la b\u00fasqueda de personas extraviadas o desaparecidas.<\/p>\n\n\n\n<p>En la segunda iniciativa, buscaba convertir en ley el Programa Alerta Sof\u00eda, creado en el a\u00f1o 2019 por el Ministerio de Seguridad de la Naci\u00f3n bajo la gesti\u00f3n de la actual titular de la cartera, Patricia Bullrich, con el objetivo de difundir de manera urgente desapariciones de menores.<\/p>\n\n\n\n<p>Ambos textos fueron unificados en un solo dictamen de mayor\u00eda en la plenaria, luego de dos encuentros anteriores que fueron de car\u00e1cter informativo.<\/p>\n\n\n\n<p>Seg\u00fan detalla el dictamen de mayor\u00eda, la ley tiene como objeto &#8220;la sistematizaci\u00f3n y centralizaci\u00f3n de la informaci\u00f3n, los procedimientos y los protocolos para la b\u00fasqueda de las personas, tanto menores como adultas, cuyo paradero se desconozca, y de la informaci\u00f3n, los procedimientos y los protocolos para la identificaci\u00f3n de personas de identidad desconocida halladas con vida o fallecidas, promoviendo acciones efectivas, con informaci\u00f3n actualizada y completa sobre todas las novedades ocurridas en territorio nacional&#8221;.<\/p>\n\n\n\n<p>En su art\u00edculo 2, se crea el &#8220;Registro Nacional de B\u00fasqueda de Personas Extraviadas y Desaparecidas y de Identificaci\u00f3n de Personas de Identidad Desconocida Halladas con Vida o Fallecidas, bajo la \u00f3rbita del Ministerio de Seguridad Nacional.<\/p>\n\n\n\n<p>Mientras que el art\u00edculo 6 constituye el Programa de Alerta R\u00e1pida Sof\u00eda que &#8220;se activar\u00e1 dentro de las 6 horas de realizada la denuncia en sede policial, Ministerio P\u00fablico o Poder Judicial, por desaparici\u00f3n y\/o extrav\u00edo del menor de 18 a\u00f1os, que se encuentre bajo una situaci\u00f3n de extrema gravedad y urgencia que puede causar da\u00f1os irreparables en la integridad f\u00edsica y biopsicosocial del mismo&#8221;.<\/p>\n\n\n\n<p>En el caso del proyecto que agrava penas para siniestros viales. &#8220;Ser\u00e1 reprimido con prisi\u00f3n de dos (2) a cinco (5) a\u00f1os e inhabilitaci\u00f3n especial, en su caso, por cinco (5) a diez (10) a\u00f1os el que, por conducci\u00f3n imprudente, negligente, con impericia o antirreglamentaria de un veh\u00edculo con motor causare a otro la muerte&#8221;, dice el dictamen.<\/p>\n\n\n\n<p>A su vez, eleva la pena &#8220;de cuatro (4) a ocho (8) a\u00f1os e inhabilitaci\u00f3n especial por el doble de tiempo de la condena, si se diera alguna de las circunstancias previstas en el p\u00e1rrafo anterior y el conductor hubiere consumido estupefacientes, o hubiere consumido medicamentos que disminuyan su aptitud para conducir, o tuviere un nivel de alcoholemia superior a cero, o excediere en un treinta por ciento (30%) la velocidad m\u00e1xima permitida en el lugar del hecho, o condujese un veh\u00edculo con motor sin encontrarse habilitado para conducir&#8221;<\/p>\n","protected":false},"excerpt":{"rendered":"<p>Se sumar\u00e1n al temario dos proyectos con dictamen que convierte en ley el Sistema de Alerta Sof\u00eda y otro que agrava las penas para accidentes viales. El Senado sesionar\u00e1 el pr\u00f3ximo jueves desde las 11 en busca de rechazar el veto el proyecto de distribuci\u00f3n de los Aportes del Tesoro Nacional (ATN) y sancionar la [&hellip;]<\/p>\n","protected":false},"author":11,"featured_media":11855,"comment_status":"open","ping_status":"open","sticky":false,"template":"","format":"standard","meta":{"footnotes":""},"categories":[26],"tags":[],"class_list":{"0":"post-11854","1":"post","2":"type-post","3":"status-publish","4":"format-standard","5":"has-post-thumbnail","7":"category-nacionales"},"aioseo_notices":[],"_links":{"self":[{"href":"https:\/\/lalupa24.com.ar\/index.php\/wp-json\/wp\/v2\/posts\/11854","targetHints":{"allow":["GET"]}}],"collection":[{"href":"https:\/\/lalupa24.com.ar\/index.php\/wp-json\/wp\/v2\/posts"}],"about":[{"href":"https:\/\/lalupa24.com.ar\/index.php\/wp-json\/wp\/v2\/types\/post"}],"author":[{"embeddable":true,"href":"https:\/\/lalupa24.com.ar\/index.php\/wp-json\/wp\/v2\/users\/11"}],"replies":[{"embeddable":true,"href":"https:\/\/lalupa24.com.ar\/index.php\/wp-json\/wp\/v2\/comments?post=11854"}],"version-history":[{"count":1,"href":"https:\/\/lalupa24.com.ar\/index.php\/wp-json\/wp\/v2\/posts\/11854\/revisions"}],"predecessor-version":[{"id":11856,"href":"https:\/\/lalupa24.com.ar\/index.php\/wp-json\/wp\/v2\/posts\/11854\/revisions\/11856"}],"wp:featuredmedia":[{"embeddable":true,"href":"https:\/\/lalupa24.com.ar\/index.php\/wp-json\/wp\/v2\/media\/11855"}],"wp:attachment":[{"href":"https:\/\/lalupa24.com.ar\/index.php\/wp-json\/wp\/v2\/media?parent=11854"}],"wp:term":[{"taxonomy":"category","embeddable":true,"href":"https:\/\/lalupa24.com.ar\/index.php\/wp-json\/wp\/v2\/categories?post=11854"},{"taxonomy":"post_tag","embeddable":true,"href":"https:\/\/lalupa24.com.ar\/index.php\/wp-json\/wp\/v2\/tags?post=11854"}],"curies":[{"name":"wp","href":"https:\/\/api.w.org\/{rel}","templated":true}]}}