{"id":11860,"date":"2025-09-17T12:48:57","date_gmt":"2025-09-17T15:48:57","guid":{"rendered":"https:\/\/lalupa24.com.ar\/?p=11860"},"modified":"2025-09-17T12:48:58","modified_gmt":"2025-09-17T15:48:58","slug":"trabajadores-del-garrahan-comenzaron-un-nuevo-paro-y-preparan-el-acto-frente-al-congreso","status":"publish","type":"post","link":"https:\/\/lalupa24.com.ar\/index.php\/2025\/09\/17\/trabajadores-del-garrahan-comenzaron-un-nuevo-paro-y-preparan-el-acto-frente-al-congreso\/","title":{"rendered":"Trabajadores del Garrahan comenzaron un nuevo paro y preparan el acto frente al Congreso"},"content":{"rendered":"\n<p>El encuentro ser\u00e1 a las 14:30 en la Plaza, previo a que se debata en Diputados el rechazo a los vetos presidenciales.<\/p>\n\n\n\n<p>Periodista, productora y directora de radio y televisi\u00f3n graduada en ISER y licenciada. en Comunicaci\u00f3n Social de la Universidad Nacional de La Plata. Me especializo en pol\u00edtica. Sigo los temas gremiales, movilizaciones y huelgas, derechos humanos y pol\u00edticas de g\u00e9nero. Docente universitaria.<\/p>\n\n\n\n<p>Trabajadores del Hospital Garrahan, nucleados en la Asociaci\u00f3n de Profesionales y T\u00e9cnicos (APyT), comenzaron un nuevo paro en rechazo al veto llevado adelante por el presidente Javier Milei, sobre la ley de Emergencia Pedi\u00e1trica y preparan el acto central frente al Congreso de la Naci\u00f3n.<\/p>\n\n\n\n<p>Asimismo, se sumaron al reclamo de la comunidad universitaria que tambi\u00e9n se pronunci\u00f3 en contra de la anulaci\u00f3n de la Ley de Financiamiento Universitario visibilizado en la Tercera Marcha Federal que se realizar\u00e1 hoy a partir de las 17hs.<\/p>\n\n\n\n<p>El equipo de salud del Hospital Garrahan, que abarca al conjunto de sus trabajadores, est\u00e1 cumpliendo un nuevo paro que se levantar\u00e1 el viernes 18 a las 7 de la ma\u00f1ana.<\/p>\n\n\n\n<p>Maximiliano Bares, trabajador del laboratorio central del Garrahan y de APyT manifest\u00f3 que esperan \u201cuna jornada hist\u00f3rica\u201d, no solo frente al Congreso, sino \u201cen todo el pa\u00eds\u201d: \u201cLa universidad p\u00fablica, el Garrahan, se abrazan, se financian, se cuidan. Y por supuesto, no se vetan&#8221;, concluy\u00f3.<\/p>\n","protected":false},"excerpt":{"rendered":"<p>El encuentro ser\u00e1 a las 14:30 en la Plaza, previo a que se debata en Diputados el rechazo a los vetos presidenciales. Periodista, productora y directora de radio y televisi\u00f3n graduada en ISER y licenciada. en Comunicaci\u00f3n Social de la Universidad Nacional de La Plata. Me especializo en pol\u00edtica. Sigo los temas gremiales, movilizaciones y [&hellip;]<\/p>\n","protected":false},"author":11,"featured_media":11861,"comment_status":"open","ping_status":"open","sticky":false,"template":"","format":"standard","meta":{"footnotes":""},"categories":[26],"tags":[],"class_list":{"0":"post-11860","1":"post","2":"type-post","3":"status-publish","4":"format-standard","5":"has-post-thumbnail","7":"category-nacionales"},"aioseo_notices":[],"_links":{"self":[{"href":"https:\/\/lalupa24.com.ar\/index.php\/wp-json\/wp\/v2\/posts\/11860","targetHints":{"allow":["GET"]}}],"collection":[{"href":"https:\/\/lalupa24.com.ar\/index.php\/wp-json\/wp\/v2\/posts"}],"about":[{"href":"https:\/\/lalupa24.com.ar\/index.php\/wp-json\/wp\/v2\/types\/post"}],"author":[{"embeddable":true,"href":"https:\/\/lalupa24.com.ar\/index.php\/wp-json\/wp\/v2\/users\/11"}],"replies":[{"embeddable":true,"href":"https:\/\/lalupa24.com.ar\/index.php\/wp-json\/wp\/v2\/comments?post=11860"}],"version-history":[{"count":1,"href":"https:\/\/lalupa24.com.ar\/index.php\/wp-json\/wp\/v2\/posts\/11860\/revisions"}],"predecessor-version":[{"id":11862,"href":"https:\/\/lalupa24.com.ar\/index.php\/wp-json\/wp\/v2\/posts\/11860\/revisions\/11862"}],"wp:featuredmedia":[{"embeddable":true,"href":"https:\/\/lalupa24.com.ar\/index.php\/wp-json\/wp\/v2\/media\/11861"}],"wp:attachment":[{"href":"https:\/\/lalupa24.com.ar\/index.php\/wp-json\/wp\/v2\/media?parent=11860"}],"wp:term":[{"taxonomy":"category","embeddable":true,"href":"https:\/\/lalupa24.com.ar\/index.php\/wp-json\/wp\/v2\/categories?post=11860"},{"taxonomy":"post_tag","embeddable":true,"href":"https:\/\/lalupa24.com.ar\/index.php\/wp-json\/wp\/v2\/tags?post=11860"}],"curies":[{"name":"wp","href":"https:\/\/api.w.org\/{rel}","templated":true}]}}