{"id":11863,"date":"2025-09-17T12:56:26","date_gmt":"2025-09-17T15:56:26","guid":{"rendered":"https:\/\/lalupa24.com.ar\/?p=11863"},"modified":"2025-09-17T12:56:27","modified_gmt":"2025-09-17T15:56:27","slug":"unos-1-100-efectivos-federales-custodiaran-el-congreso-durante-la-marcha-federal-y-la-sesion-en-diputados","status":"publish","type":"post","link":"https:\/\/lalupa24.com.ar\/index.php\/2025\/09\/17\/unos-1-100-efectivos-federales-custodiaran-el-congreso-durante-la-marcha-federal-y-la-sesion-en-diputados\/","title":{"rendered":"Unos 1.100 efectivos federales custodiar\u00e1n el Congreso durante la Marcha Federal y la sesi\u00f3n en Diputados"},"content":{"rendered":"\n<p>Los efectivos se distribuir\u00e1n por la zona de la Plaza y los alrededores, al tiempo que habr\u00e1 vallas en los accesos al Congreso Nacional.<\/p>\n\n\n\n<p>Unos 1.100 efectivas de las diferentes fuerzas federales estar\u00e1n abocados al megaoperativo de seguridad que dispuso el Gobierno Nacional en los alrededores del Congreso, donde se llevar\u00e1 a cabo la Marcha Federal de la que participar\u00e1n agrupaciones pol\u00edticas, estudiantiles y sindicales en protesta contra los vetos del presidente Javier Milei a las leyes de financiamiento educativo y de emergencia pedi\u00e1trica.<\/p>\n\n\n\n<p>Los manifestantes concentrar\u00e1n desde el mediod\u00eda frente al parlamento para exigir a los legisladores que rechacen los recientes vetos, mientras en el recinto de la C\u00e1mara de Diputados habr\u00e1 sesi\u00f3n para tratar esos proyectos de la oposici\u00f3n.<\/p>\n\n\n\n<p>Adem\u00e1s, se llevar\u00e1 a cabo la ya tradicional marcha de los jubilados como protesta al plan econ\u00f3mico de Milei y la delicada situaci\u00f3n econ\u00f3mica que viven los adultos mayores.<\/p>\n\n\n\n<p>El Gobierno dise\u00f1\u00f3 un gran operativo de seguridad con 1.100 efectivos de las fuerzas federales, a los que habr\u00e1 que agregar uniformados de la Polic\u00eda de la Ciudad para custodiar las calles por ser la fuerza de la jurisdicci\u00f3n. Ser\u00e1n unos 700 polic\u00edas federales, unos 280 miembros de Gendarmer\u00eda Nacional , 90 de Prefectura Naval y unos 30 de la polic\u00eda de Seguridad Aeroportuaria (PSA), por lo que totalizar\u00edan unos 1.100 uniformados.<\/p>\n\n\n\n<p>Los efectivos se distribuir\u00e1n por la zona de la Plaza del Congreso y los alrededores, al tiempo que habr\u00e1 vallas en los accesos al Congreso Nacional, con integrantes de la Polic\u00eda de la Ciudad para reforzar la zona.<\/p>\n","protected":false},"excerpt":{"rendered":"<p>Los efectivos se distribuir\u00e1n por la zona de la Plaza y los alrededores, al tiempo que habr\u00e1 vallas en los accesos al Congreso Nacional. Unos 1.100 efectivas de las diferentes fuerzas federales estar\u00e1n abocados al megaoperativo de seguridad que dispuso el Gobierno Nacional en los alrededores del Congreso, donde se llevar\u00e1 a cabo la Marcha [&hellip;]<\/p>\n","protected":false},"author":11,"featured_media":11864,"comment_status":"open","ping_status":"open","sticky":false,"template":"","format":"standard","meta":{"footnotes":""},"categories":[26],"tags":[],"class_list":{"0":"post-11863","1":"post","2":"type-post","3":"status-publish","4":"format-standard","5":"has-post-thumbnail","7":"category-nacionales"},"aioseo_notices":[],"_links":{"self":[{"href":"https:\/\/lalupa24.com.ar\/index.php\/wp-json\/wp\/v2\/posts\/11863","targetHints":{"allow":["GET"]}}],"collection":[{"href":"https:\/\/lalupa24.com.ar\/index.php\/wp-json\/wp\/v2\/posts"}],"about":[{"href":"https:\/\/lalupa24.com.ar\/index.php\/wp-json\/wp\/v2\/types\/post"}],"author":[{"embeddable":true,"href":"https:\/\/lalupa24.com.ar\/index.php\/wp-json\/wp\/v2\/users\/11"}],"replies":[{"embeddable":true,"href":"https:\/\/lalupa24.com.ar\/index.php\/wp-json\/wp\/v2\/comments?post=11863"}],"version-history":[{"count":1,"href":"https:\/\/lalupa24.com.ar\/index.php\/wp-json\/wp\/v2\/posts\/11863\/revisions"}],"predecessor-version":[{"id":11865,"href":"https:\/\/lalupa24.com.ar\/index.php\/wp-json\/wp\/v2\/posts\/11863\/revisions\/11865"}],"wp:featuredmedia":[{"embeddable":true,"href":"https:\/\/lalupa24.com.ar\/index.php\/wp-json\/wp\/v2\/media\/11864"}],"wp:attachment":[{"href":"https:\/\/lalupa24.com.ar\/index.php\/wp-json\/wp\/v2\/media?parent=11863"}],"wp:term":[{"taxonomy":"category","embeddable":true,"href":"https:\/\/lalupa24.com.ar\/index.php\/wp-json\/wp\/v2\/categories?post=11863"},{"taxonomy":"post_tag","embeddable":true,"href":"https:\/\/lalupa24.com.ar\/index.php\/wp-json\/wp\/v2\/tags?post=11863"}],"curies":[{"name":"wp","href":"https:\/\/api.w.org\/{rel}","templated":true}]}}