{"id":11885,"date":"2025-09-17T16:50:27","date_gmt":"2025-09-17T19:50:27","guid":{"rendered":"https:\/\/lalupa24.com.ar\/?p=11885"},"modified":"2025-09-17T16:50:29","modified_gmt":"2025-09-17T19:50:29","slug":"prision-preventiva-para-acusados-de-trata-sexual-de-alumnas-en-salta","status":"publish","type":"post","link":"https:\/\/lalupa24.com.ar\/index.php\/2025\/09\/17\/prision-preventiva-para-acusados-de-trata-sexual-de-alumnas-en-salta\/","title":{"rendered":"Prisi\u00f3n preventiva para acusados de trata sexual de alumnas en Salta"},"content":{"rendered":"\n<p>La Justicia de Salta dict\u00f3 prisi\u00f3n preventiva para cuatro personas imputadas por el grave delito de trata de personas con fines de explotaci\u00f3n sexual, una trama que involucra a alumnas de un colegio secundario de la capital provincial. El caso, que ha conmocionado a la opini\u00f3n p\u00fablica, saca a la luz la extrema vulnerabilidad de adolescentes que, en un ambiente escolar, fueron v\u00edctimas de una red criminal.<\/p>\n\n\n\n<p>La medida cautelar fue solicitada por la Unidad Fiscal Salta y se fundamenta en la existencia de un alto riesgo de entorpecimiento de la investigaci\u00f3n y de fuga por parte de los acusados. La fiscal\u00eda, en su presentaci\u00f3n ante el juez, detall\u00f3 un modus operandi siniestro: los imputados, con roles definidos dentro de la red, captaban a las adolescentes a trav\u00e9s de enga\u00f1os y promesas, para luego someterlas a explotaci\u00f3n en distintos puntos de la ciudad.<\/p>\n\n\n\n<p>Seg\u00fan el informe del Ministerio P\u00fablico Fiscal, la investigaci\u00f3n, que se inici\u00f3 a partir de una denuncia an\u00f3nima, revel\u00f3 una serie de elementos probatorios contundentes, incluyendo conversaciones y registros de traslados de las v\u00edctimas. La colaboraci\u00f3n con el Programa Nacional de Rescate y Acompa\u00f1amiento a las Personas Damnificadas por el Delito de Trata de Personas fue clave para el resguardo de las j\u00f3venes y la profundizaci\u00f3n de las pruebas.<\/p>\n\n\n\n<p>El trabajo conjunto entre la justicia federal y la Unidad Fiscal Especializada en Delitos de Trata de Personas (PROTEX) subraya la complejidad de estos casos, que a menudo se esconden detr\u00e1s de fachadas de normalidad. La imputaci\u00f3n de los cuatro individuos env\u00eda un mensaje claro sobre la seriedad con la que se abordan estos cr\u00edmenes que, en la mayor\u00eda de los casos, afectan a menores en entornos de aparente seguridad.<\/p>\n\n\n\n<p>Familiares y organizaciones de derechos humanos han manifestado su apoyo a la decisi\u00f3n judicial, pero tambi\u00e9n han expresado su preocupaci\u00f3n por la extensi\u00f3n de estas redes y la necesidad de una mayor prevenci\u00f3n en las escuelas y en la sociedad. El caso salte\u00f1o evidencia la urgencia de fortalecer los mecanismos de denuncia y concientizaci\u00f3n para proteger a los m\u00e1s j\u00f3venes de estas nefastas pr\u00e1cticas.<\/p>\n\n\n\n<p>El proceso judicial continuar\u00e1 con la etapa de instrucci\u00f3n, donde se esperan nuevas pruebas y testimonios que permitan dilucidar la extensi\u00f3n completa de la red y la posible participaci\u00f3n de otros actores. El objetivo final es no solo obtener una sentencia condenatoria, sino tambi\u00e9n garantizar la reparaci\u00f3n integral y el acompa\u00f1amiento psicol\u00f3gico de las v\u00edctimas, un paso fundamental para su recuperaci\u00f3n y reinserci\u00f3n social.<\/p>\n","protected":false},"excerpt":{"rendered":"<p>La Justicia de Salta dict\u00f3 prisi\u00f3n preventiva para cuatro personas imputadas por el grave delito de trata de personas con fines de explotaci\u00f3n sexual, una trama que involucra a alumnas de un colegio secundario de la capital provincial. El caso, que ha conmocionado a la opini\u00f3n p\u00fablica, saca a la luz la extrema vulnerabilidad de [&hellip;]<\/p>\n","protected":false},"author":2,"featured_media":11880,"comment_status":"open","ping_status":"open","sticky":false,"template":"","format":"standard","meta":{"footnotes":""},"categories":[26],"tags":[],"class_list":{"0":"post-11885","1":"post","2":"type-post","3":"status-publish","4":"format-standard","5":"has-post-thumbnail","7":"category-nacionales"},"aioseo_notices":[],"_links":{"self":[{"href":"https:\/\/lalupa24.com.ar\/index.php\/wp-json\/wp\/v2\/posts\/11885","targetHints":{"allow":["GET"]}}],"collection":[{"href":"https:\/\/lalupa24.com.ar\/index.php\/wp-json\/wp\/v2\/posts"}],"about":[{"href":"https:\/\/lalupa24.com.ar\/index.php\/wp-json\/wp\/v2\/types\/post"}],"author":[{"embeddable":true,"href":"https:\/\/lalupa24.com.ar\/index.php\/wp-json\/wp\/v2\/users\/2"}],"replies":[{"embeddable":true,"href":"https:\/\/lalupa24.com.ar\/index.php\/wp-json\/wp\/v2\/comments?post=11885"}],"version-history":[{"count":1,"href":"https:\/\/lalupa24.com.ar\/index.php\/wp-json\/wp\/v2\/posts\/11885\/revisions"}],"predecessor-version":[{"id":11886,"href":"https:\/\/lalupa24.com.ar\/index.php\/wp-json\/wp\/v2\/posts\/11885\/revisions\/11886"}],"wp:featuredmedia":[{"embeddable":true,"href":"https:\/\/lalupa24.com.ar\/index.php\/wp-json\/wp\/v2\/media\/11880"}],"wp:attachment":[{"href":"https:\/\/lalupa24.com.ar\/index.php\/wp-json\/wp\/v2\/media?parent=11885"}],"wp:term":[{"taxonomy":"category","embeddable":true,"href":"https:\/\/lalupa24.com.ar\/index.php\/wp-json\/wp\/v2\/categories?post=11885"},{"taxonomy":"post_tag","embeddable":true,"href":"https:\/\/lalupa24.com.ar\/index.php\/wp-json\/wp\/v2\/tags?post=11885"}],"curies":[{"name":"wp","href":"https:\/\/api.w.org\/{rel}","templated":true}]}}