{"id":11924,"date":"2025-09-17T17:49:04","date_gmt":"2025-09-17T20:49:04","guid":{"rendered":"https:\/\/lalupa24.com.ar\/?p=11924"},"modified":"2025-09-17T17:49:06","modified_gmt":"2025-09-17T20:49:06","slug":"anos-de-espera-el-gobierno-del-chaco-licita-la-construccion-de-un-nuevo-edificio-para-institutos-de-educacion-superior-tecnica","status":"publish","type":"post","link":"https:\/\/lalupa24.com.ar\/index.php\/2025\/09\/17\/anos-de-espera-el-gobierno-del-chaco-licita-la-construccion-de-un-nuevo-edificio-para-institutos-de-educacion-superior-tecnica\/","title":{"rendered":"A\u00f1os de espera: El Gobierno del Chaco licita la construcci\u00f3n de un nuevo edificio para institutos de educaci\u00f3n superior t\u00e9cnica"},"content":{"rendered":"\n<p>Despu\u00e9s de a\u00f1os de espera, el Gobierno de la provincia del Chaco ha lanzado la licitaci\u00f3n para la construcci\u00f3n del nuevo edificio que albergar\u00e1 a los <strong>Institutos de Educaci\u00f3n Superior T\u00e9cnica<\/strong>, un proyecto considerado vital para el desarrollo de la formaci\u00f3n profesional y la capacitaci\u00f3n de recursos humanos en \u00e1reas estrat\u00e9gicas. La iniciativa, financiada con fondos provinciales y nacionales, busca modernizar la infraestructura educativa y ofrecer a los estudiantes un espacio adecuado para su desarrollo acad\u00e9mico y t\u00e9cnico.<\/p>\n\n\n\n<p>La obra, que se ubicar\u00e1 en una zona clave de la capital provincial, consistir\u00e1 en un complejo moderno con aulas, laboratorios equipados con tecnolog\u00eda de punta, talleres especializados y espacios de recreaci\u00f3n y estudio para los alumnos. Se estima que la inversi\u00f3n superar\u00e1 los miles de millones de pesos, reflejando el compromiso del gobierno con la <strong>educaci\u00f3n t\u00e9cnica superior<\/strong> como pilar fundamental para el crecimiento econ\u00f3mico y productivo de la regi\u00f3n.<\/p>\n\n\n\n<p>Seg\u00fan declaraciones del ministro de Infraestructura provincial, el proyecto es una respuesta directa a una demanda hist\u00f3rica de la comunidad educativa. &#8220;Este nuevo edificio no es solo una obra de ladrillo y cemento; es una inversi\u00f3n en el futuro de nuestra provincia. Estamos brindando a nuestros j\u00f3venes las herramientas que necesitan para insertarse en un mercado laboral cada vez m\u00e1s exigente&#8221;, afirm\u00f3 el funcionario durante el anuncio de la licitaci\u00f3n.<\/p>\n\n\n\n<p>La construcci\u00f3n del nuevo edificio impactar\u00e1 positivamente en la calidad de la formaci\u00f3n de los futuros profesionales t\u00e9cnicos, ya que permitir\u00e1 un aumento en la matr\u00edcula de estudiantes y la diversificaci\u00f3n de las carreras ofrecidas. Adem\u00e1s, la infraestructura moderna facilitar\u00e1 el desarrollo de proyectos de investigaci\u00f3n y la vinculaci\u00f3n con el sector productivo, promoviendo la innovaci\u00f3n y la transferencia de conocimiento.<\/p>\n\n\n\n<p>La licitaci\u00f3n ha sido recibida con entusiasmo por las autoridades de los institutos, los docentes y los estudiantes, quienes celebran que finalmente se concrete un proyecto que ha sido postergado por mucho tiempo. La esperanza es que, una vez finalizada la obra, la provincia del Chaco se consolide como un referente en <strong>educaci\u00f3n t\u00e9cnica y profesional<\/strong> a nivel regional.<\/p>\n\n\n\n<p>La proyecci\u00f3n de esta obra trasciende lo educativo. Se espera que, a largo plazo, el nuevo edificio contribuya a reducir la fuga de talentos j\u00f3venes a otras provincias y a fortalecer la econom\u00eda local. El \u00e9xito de este proyecto servir\u00e1 como modelo para futuras inversiones en infraestructura educativa, reforzando la idea de que la educaci\u00f3n es la llave para el desarrollo sostenible de la provincia.<\/p>\n","protected":false},"excerpt":{"rendered":"<p>Despu\u00e9s de a\u00f1os de espera, el Gobierno de la provincia del Chaco ha lanzado la licitaci\u00f3n para la construcci\u00f3n del nuevo edificio que albergar\u00e1 a los Institutos de Educaci\u00f3n Superior T\u00e9cnica, un proyecto considerado vital para el desarrollo de la formaci\u00f3n profesional y la capacitaci\u00f3n de recursos humanos en \u00e1reas estrat\u00e9gicas. La iniciativa, financiada con [&hellip;]<\/p>\n","protected":false},"author":2,"featured_media":11930,"comment_status":"open","ping_status":"open","sticky":false,"template":"","format":"standard","meta":{"footnotes":""},"categories":[28],"tags":[],"class_list":{"0":"post-11924","1":"post","2":"type-post","3":"status-publish","4":"format-standard","5":"has-post-thumbnail","7":"category-locales"},"aioseo_notices":[],"_links":{"self":[{"href":"https:\/\/lalupa24.com.ar\/index.php\/wp-json\/wp\/v2\/posts\/11924","targetHints":{"allow":["GET"]}}],"collection":[{"href":"https:\/\/lalupa24.com.ar\/index.php\/wp-json\/wp\/v2\/posts"}],"about":[{"href":"https:\/\/lalupa24.com.ar\/index.php\/wp-json\/wp\/v2\/types\/post"}],"author":[{"embeddable":true,"href":"https:\/\/lalupa24.com.ar\/index.php\/wp-json\/wp\/v2\/users\/2"}],"replies":[{"embeddable":true,"href":"https:\/\/lalupa24.com.ar\/index.php\/wp-json\/wp\/v2\/comments?post=11924"}],"version-history":[{"count":1,"href":"https:\/\/lalupa24.com.ar\/index.php\/wp-json\/wp\/v2\/posts\/11924\/revisions"}],"predecessor-version":[{"id":11931,"href":"https:\/\/lalupa24.com.ar\/index.php\/wp-json\/wp\/v2\/posts\/11924\/revisions\/11931"}],"wp:featuredmedia":[{"embeddable":true,"href":"https:\/\/lalupa24.com.ar\/index.php\/wp-json\/wp\/v2\/media\/11930"}],"wp:attachment":[{"href":"https:\/\/lalupa24.com.ar\/index.php\/wp-json\/wp\/v2\/media?parent=11924"}],"wp:term":[{"taxonomy":"category","embeddable":true,"href":"https:\/\/lalupa24.com.ar\/index.php\/wp-json\/wp\/v2\/categories?post=11924"},{"taxonomy":"post_tag","embeddable":true,"href":"https:\/\/lalupa24.com.ar\/index.php\/wp-json\/wp\/v2\/tags?post=11924"}],"curies":[{"name":"wp","href":"https:\/\/api.w.org\/{rel}","templated":true}]}}