{"id":11934,"date":"2025-09-17T17:51:20","date_gmt":"2025-09-17T20:51:20","guid":{"rendered":"https:\/\/lalupa24.com.ar\/?p=11934"},"modified":"2025-09-17T17:51:21","modified_gmt":"2025-09-17T20:51:21","slug":"el-polideportivo-jaime-zapata-es-sede-de-la-final-provincial-de-deportes-adaptados","status":"publish","type":"post","link":"https:\/\/lalupa24.com.ar\/index.php\/2025\/09\/17\/el-polideportivo-jaime-zapata-es-sede-de-la-final-provincial-de-deportes-adaptados\/","title":{"rendered":"El Polideportivo Jaime Zapata es sede de la final provincial de deportes adaptados"},"content":{"rendered":"\n<p>En una jornada de gran emoci\u00f3n y superaci\u00f3n, el <strong>Polideportivo Jaime Zapata<\/strong> de Resistencia fue el epicentro de la final provincial de <strong>deportes adaptados<\/strong>, un evento que reuni\u00f3 a atletas de toda la provincia y que celebr\u00f3 los valores de la inclusi\u00f3n, la resiliencia y el compa\u00f1erismo. La competencia, organizada por el Instituto del Deporte Chaque\u00f1o, puso en evidencia el talento y la dedicaci\u00f3n de los deportistas con discapacidad.<\/p>\n\n\n\n<p>La final, que se llev\u00f3 a cabo en las instalaciones especialmente acondicionadas del polideportivo, cont\u00f3 con la participaci\u00f3n de cientos de atletas que compitieron en diversas disciplinas como b\u00e1squet en silla de ruedas, atletismo, nataci\u00f3n y bochas. La atm\u00f3sfera fue de pura celebraci\u00f3n, con familias, amigos y entrenadores brindando su apoyo incondicional a los deportistas.<\/p>\n\n\n\n<p>Seg\u00fan el presidente del Instituto del Deporte, la organizaci\u00f3n de este evento es una prioridad para el gobierno, ya que el <strong>deporte adaptado<\/strong> es una herramienta poderosa para la <strong>inclusi\u00f3n social y la mejora de la calidad de vida<\/strong> de las personas con discapacidad. &#8220;Ver la alegr\u00eda en los rostros de los atletas es nuestra mayor recompensa. Ellos nos demuestran cada d\u00eda que no hay barreras que no se puedan superar&#8221;, manifest\u00f3 el funcionario.<\/p>\n\n\n\n<p>Los deportistas, por su parte, destacaron la importancia de contar con espacios y eventos como este, que les permiten no solo competir, sino tambi\u00e9n interactuar, hacer amigos y sentirse parte de una comunidad. Varios de los atletas que participaron en la final se est\u00e1n preparando para torneos nacionales, y el evento de hoy fue una prueba de fuego para medir su nivel y corregir sus estrategias.<\/p>\n\n\n\n<p>La jornada tambi\u00e9n incluy\u00f3 charlas y talleres sobre la importancia del deporte en la rehabilitaci\u00f3n y la inclusi\u00f3n, con la participaci\u00f3n de profesionales de la salud, psic\u00f3logos y entrenadores especializados. La iniciativa demuestra el enfoque integral del gobierno provincial, que no solo promueve la competencia, sino tambi\u00e9n el <strong>bienestar f\u00edsico y mental<\/strong> de los deportistas.<\/p>\n\n\n\n<p>El \u00e9xito de la final provincial en el Polideportivo Jaime Zapata es una se\u00f1al clara de que el deporte adaptado en el Chaco est\u00e1 creciendo. Se espera que en los pr\u00f3ximos a\u00f1os el gobierno contin\u00fae invirtiendo en infraestructura y programas para que cada vez m\u00e1s personas con discapacidad tengan la oportunidad de practicar deportes y de alcanzar su m\u00e1ximo potencial.<\/p>\n","protected":false},"excerpt":{"rendered":"<p>En una jornada de gran emoci\u00f3n y superaci\u00f3n, el Polideportivo Jaime Zapata de Resistencia fue el epicentro de la final provincial de deportes adaptados, un evento que reuni\u00f3 a atletas de toda la provincia y que celebr\u00f3 los valores de la inclusi\u00f3n, la resiliencia y el compa\u00f1erismo. La competencia, organizada por el Instituto del Deporte [&hellip;]<\/p>\n","protected":false},"author":2,"featured_media":11928,"comment_status":"open","ping_status":"open","sticky":false,"template":"","format":"standard","meta":{"footnotes":""},"categories":[28],"tags":[],"class_list":{"0":"post-11934","1":"post","2":"type-post","3":"status-publish","4":"format-standard","5":"has-post-thumbnail","7":"category-locales"},"aioseo_notices":[],"_links":{"self":[{"href":"https:\/\/lalupa24.com.ar\/index.php\/wp-json\/wp\/v2\/posts\/11934","targetHints":{"allow":["GET"]}}],"collection":[{"href":"https:\/\/lalupa24.com.ar\/index.php\/wp-json\/wp\/v2\/posts"}],"about":[{"href":"https:\/\/lalupa24.com.ar\/index.php\/wp-json\/wp\/v2\/types\/post"}],"author":[{"embeddable":true,"href":"https:\/\/lalupa24.com.ar\/index.php\/wp-json\/wp\/v2\/users\/2"}],"replies":[{"embeddable":true,"href":"https:\/\/lalupa24.com.ar\/index.php\/wp-json\/wp\/v2\/comments?post=11934"}],"version-history":[{"count":1,"href":"https:\/\/lalupa24.com.ar\/index.php\/wp-json\/wp\/v2\/posts\/11934\/revisions"}],"predecessor-version":[{"id":11935,"href":"https:\/\/lalupa24.com.ar\/index.php\/wp-json\/wp\/v2\/posts\/11934\/revisions\/11935"}],"wp:featuredmedia":[{"embeddable":true,"href":"https:\/\/lalupa24.com.ar\/index.php\/wp-json\/wp\/v2\/media\/11928"}],"wp:attachment":[{"href":"https:\/\/lalupa24.com.ar\/index.php\/wp-json\/wp\/v2\/media?parent=11934"}],"wp:term":[{"taxonomy":"category","embeddable":true,"href":"https:\/\/lalupa24.com.ar\/index.php\/wp-json\/wp\/v2\/categories?post=11934"},{"taxonomy":"post_tag","embeddable":true,"href":"https:\/\/lalupa24.com.ar\/index.php\/wp-json\/wp\/v2\/tags?post=11934"}],"curies":[{"name":"wp","href":"https:\/\/api.w.org\/{rel}","templated":true}]}}