{"id":11936,"date":"2025-09-17T17:52:13","date_gmt":"2025-09-17T20:52:13","guid":{"rendered":"https:\/\/lalupa24.com.ar\/?p=11936"},"modified":"2025-09-17T17:52:15","modified_gmt":"2025-09-17T20:52:15","slug":"la-fundacion-soy-chaco-lanza-un-curso-de-reparacion-de-equipos-informaticos-en-fontana","status":"publish","type":"post","link":"https:\/\/lalupa24.com.ar\/index.php\/2025\/09\/17\/la-fundacion-soy-chaco-lanza-un-curso-de-reparacion-de-equipos-informaticos-en-fontana\/","title":{"rendered":"La Fundaci\u00f3n Soy Chaco lanza un curso de reparaci\u00f3n de equipos inform\u00e1ticos en Fontana"},"content":{"rendered":"\n<p>En un esfuerzo por fomentar la capacitaci\u00f3n laboral y la inclusi\u00f3n digital, la Fundaci\u00f3n <strong>Soy Chaco<\/strong> ha puesto en marcha un curso de reparaci\u00f3n de equipos inform\u00e1ticos en la localidad de Fontana. La iniciativa, que busca ofrecer herramientas concretas para el <strong>empleo y el emprendimiento<\/strong>, responde a la creciente demanda de t\u00e9cnicos especializados en un mundo cada vez m\u00e1s digitalizado y dependiente de la tecnolog\u00eda.<\/p>\n\n\n\n<p>El curso, que se dicta de forma gratuita y en modalidad presencial, est\u00e1 dirigido a j\u00f3venes y adultos de la comunidad que buscan adquirir nuevas habilidades o mejorar su perfil profesional. El plan de estudios abarca desde el diagn\u00f3stico de fallas y la reparaci\u00f3n de hardware hasta la instalaci\u00f3n de software y el mantenimiento preventivo, cubriendo las competencias b\u00e1sicas para el ejercicio de la profesi\u00f3n.<\/p>\n\n\n\n<p>Seg\u00fan un representante de la <strong>Fundaci\u00f3n Soy Chaco<\/strong>, la elecci\u00f3n de Fontana para el lanzamiento del curso no fue casual. &#8220;Detectamos una necesidad real de mano de obra calificada en el \u00e1rea de tecnolog\u00eda en esta zona. Queremos que los participantes no solo aprendan a reparar equipos, sino que tambi\u00e9n desarrollen su capacidad para iniciar un peque\u00f1o negocio o para postularse a trabajos de calidad&#8221;, afirm\u00f3 la vocera.<\/p>\n\n\n\n<p>La capacitaci\u00f3n, que se realiza con equipos donados y reciclados, tiene un enfoque pr\u00e1ctico y busca que los alumnos adquieran experiencia real desde la primera clase. Los organizadores esperan que los participantes, al finalizar el curso, no solo puedan reparar sus propios equipos, sino tambi\u00e9n ofrecer sus servicios a la comunidad, lo que les permitir\u00e1 generar un ingreso y mejorar su calidad de vida.<\/p>\n\n\n\n<p>La iniciativa de la <strong>Fundaci\u00f3n Soy Chaco<\/strong> se enmarca en un contexto de creciente desempleo y precariedad laboral. Al ofrecer un curso de alta demanda en el mercado, la organizaci\u00f3n se posiciona como un actor clave en la lucha por la inclusi\u00f3n econ\u00f3mica y el desarrollo de habilidades que se adapten a las necesidades del siglo XXI.<\/p>\n\n\n\n<p>El \u00e9xito de este primer curso servir\u00e1 como modelo para futuras capacitaciones en otras localidades de la provincia. La Fundaci\u00f3n Soy Chaco busca generar un efecto multiplicador, creando una red de t\u00e9cnicos capacitados que, a su vez, puedan formar a otros j\u00f3venes, contribuyendo al desarrollo de un ecosistema tecnol\u00f3gico y emprendedor en toda la provincia.<\/p>\n","protected":false},"excerpt":{"rendered":"<p>En un esfuerzo por fomentar la capacitaci\u00f3n laboral y la inclusi\u00f3n digital, la Fundaci\u00f3n Soy Chaco ha puesto en marcha un curso de reparaci\u00f3n de equipos inform\u00e1ticos en la localidad de Fontana. La iniciativa, que busca ofrecer herramientas concretas para el empleo y el emprendimiento, responde a la creciente demanda de t\u00e9cnicos especializados en un [&hellip;]<\/p>\n","protected":false},"author":2,"featured_media":11927,"comment_status":"open","ping_status":"open","sticky":false,"template":"","format":"standard","meta":{"footnotes":""},"categories":[28],"tags":[],"class_list":{"0":"post-11936","1":"post","2":"type-post","3":"status-publish","4":"format-standard","5":"has-post-thumbnail","7":"category-locales"},"aioseo_notices":[],"_links":{"self":[{"href":"https:\/\/lalupa24.com.ar\/index.php\/wp-json\/wp\/v2\/posts\/11936","targetHints":{"allow":["GET"]}}],"collection":[{"href":"https:\/\/lalupa24.com.ar\/index.php\/wp-json\/wp\/v2\/posts"}],"about":[{"href":"https:\/\/lalupa24.com.ar\/index.php\/wp-json\/wp\/v2\/types\/post"}],"author":[{"embeddable":true,"href":"https:\/\/lalupa24.com.ar\/index.php\/wp-json\/wp\/v2\/users\/2"}],"replies":[{"embeddable":true,"href":"https:\/\/lalupa24.com.ar\/index.php\/wp-json\/wp\/v2\/comments?post=11936"}],"version-history":[{"count":1,"href":"https:\/\/lalupa24.com.ar\/index.php\/wp-json\/wp\/v2\/posts\/11936\/revisions"}],"predecessor-version":[{"id":11937,"href":"https:\/\/lalupa24.com.ar\/index.php\/wp-json\/wp\/v2\/posts\/11936\/revisions\/11937"}],"wp:featuredmedia":[{"embeddable":true,"href":"https:\/\/lalupa24.com.ar\/index.php\/wp-json\/wp\/v2\/media\/11927"}],"wp:attachment":[{"href":"https:\/\/lalupa24.com.ar\/index.php\/wp-json\/wp\/v2\/media?parent=11936"}],"wp:term":[{"taxonomy":"category","embeddable":true,"href":"https:\/\/lalupa24.com.ar\/index.php\/wp-json\/wp\/v2\/categories?post=11936"},{"taxonomy":"post_tag","embeddable":true,"href":"https:\/\/lalupa24.com.ar\/index.php\/wp-json\/wp\/v2\/tags?post=11936"}],"curies":[{"name":"wp","href":"https:\/\/api.w.org\/{rel}","templated":true}]}}