{"id":11945,"date":"2025-09-17T23:49:20","date_gmt":"2025-09-18T02:49:20","guid":{"rendered":"https:\/\/lalupa24.com.ar\/?p=11945"},"modified":"2025-09-17T23:49:20","modified_gmt":"2025-09-18T02:49:20","slug":"lospennato-voto-contra-los-vetos-y-desato-una-crisis-interna-en-el-bloque-pro","status":"publish","type":"post","link":"https:\/\/lalupa24.com.ar\/index.php\/2025\/09\/17\/lospennato-voto-contra-los-vetos-y-desato-una-crisis-interna-en-el-bloque-pro\/","title":{"rendered":"Lospennato vot\u00f3 contra los vetos y desat\u00f3 una crisis interna en el bloque Pro"},"content":{"rendered":"\n<p>La diputada se diferenci\u00f3 del respaldo mayoritario al Gobierno dentro de su bancada y gener\u00f3 un fuerte cruce con sus compa\u00f1eros en pleno recinto. Finocchiaro la acus\u00f3 de alinearse con el kirchnerismo, Ritondo la increp\u00f3 duramente y Fernando Iglesias denunci\u00f3 haber sido amenazado.<\/p>\n\n\n\n<p>Junto a varios de sus pares, la diputada Silvia Lospennato se diferenci\u00f3 este mi\u00e9rcoles del resto del bloque Pro al votar en contra de los vetos presidenciales, lo que termin\u00f3 desembocando en una crisis interna a cielo abierto: en pleno recinto se cruzaron fuerte. Incluso uno de los miembros del bloque le contest\u00f3 con aspereza sin nombrarla.<\/p>\n\n\n\n<p>Lospennato adelant\u00f3 de qu\u00e9 manera votar\u00eda al hablar inmediatamente despu\u00e9s de su compa\u00f1ero de bloque Fernando Iglesias, quien se pronunci\u00f3 vivamente a favor de los vetos. As\u00ed, cuando comenz\u00f3 a hablar, Lospennato arranc\u00f3 marcando las diferencias, pero como si fuera una muestra de la diversidad de la que durante tanto tiempo supo alardear el bloque Pro.<\/p>\n\n\n\n<p>\u201cEs una buena oportunidad hablar despu\u00e9s de un compa\u00f1ero para demostrar que no siempre pensamos lo mismo\u201d, arranc\u00f3 ella, en un discurso en el que se diferenci\u00f3 de quienes en su bloque respaldaban al Gobierno de Javier Milei en el tema.<\/p>\n\n\n\n<p>Fue as\u00ed antes de que la diputada libertaria Juliana Santill\u00e1n cerrara el debate le pidi\u00f3 una interrupci\u00f3n el diputado del Pro Alejandro Finocchiaro, quien hizo la siguiente reflexi\u00f3n: \u201cEl Parlamento argentino no est\u00e1 confeccionado como el Parlamento ingl\u00e9s. Nosotros tenemos un hemiciclo y en el Parlamento ingl\u00e9s hay un sistema de gradas enfrentadas. De un lado est\u00e1n los que defienden unos valores y enfrente los que defienden otros valores. De un lado est\u00e1n los que defienden una&nbsp; postura y del otro los que defienden una postura contraria. Por ejemplo, en nuestro bloque del Pro, la diputada Giudici dej\u00f3 cabalmente sentada cu\u00e1l es nuestra postura\u201d.<\/p>\n\n\n\n<p>\u201cAhora, a la luz de alg\u00fan discurso y de algunos votos que presiento, hoy ser\u00eda magn\u00edfico que tuvi\u00e9semos en el Congreso argentino, en la C\u00e1mara de Diputados, un sistema de gradas como el ingl\u00e9s. \u00bfPor qu\u00e9? Porque as\u00ed, algunos colegas podr\u00edan sin pudor cruzar hacia las gradas de enfrente, donde habita la alegre banda kirchnerista que quiere tumbar a este Gobierno\u201d.<\/p>\n\n\n\n<p>M\u00e1s tarde los cruces se vieron en pleno recinto, con fuertes y ampulosas recriminaciones que le hizo el presidente del bloque Pro, Cristian Ritondo, a Lospennato, que no se qued\u00f3 callada. En la escena participaron tambi\u00e9n Finocchiaro y el propio Iglesias, que m\u00e1s tarde le envi\u00f3 una nota al presidente de su bloque con este texto: \u201c\u2018Sos un provocador y ojal\u00e1 la gente te lo haga notar en la calle\u2019. Estas fueron las palabras de nuestra compa\u00f1era de bloque<\/p>\n\n\n\n<p>Silvia Lospennato, que considero una intimaci\u00f3n y una amenaza. La misma diputada que ha sostenido siempre que la violencia verbal conduce a la violencia f\u00edsica. Se lo comunico para que tome usted las medidas que considere pertinentes\u201d. Esta historia seguramente continuar\u00e1.<\/p>\n","protected":false},"excerpt":{"rendered":"<p>La diputada se diferenci\u00f3 del respaldo mayoritario al Gobierno dentro de su bancada y gener\u00f3 un fuerte cruce con sus compa\u00f1eros en pleno recinto. Finocchiaro la acus\u00f3 de alinearse con el kirchnerismo, Ritondo la increp\u00f3 duramente y Fernando Iglesias denunci\u00f3 haber sido amenazado. Junto a varios de sus pares, la diputada Silvia Lospennato se diferenci\u00f3 [&hellip;]<\/p>\n","protected":false},"author":11,"featured_media":11946,"comment_status":"open","ping_status":"open","sticky":false,"template":"","format":"standard","meta":{"footnotes":""},"categories":[26],"tags":[],"class_list":{"0":"post-11945","1":"post","2":"type-post","3":"status-publish","4":"format-standard","5":"has-post-thumbnail","7":"category-nacionales"},"aioseo_notices":[],"_links":{"self":[{"href":"https:\/\/lalupa24.com.ar\/index.php\/wp-json\/wp\/v2\/posts\/11945","targetHints":{"allow":["GET"]}}],"collection":[{"href":"https:\/\/lalupa24.com.ar\/index.php\/wp-json\/wp\/v2\/posts"}],"about":[{"href":"https:\/\/lalupa24.com.ar\/index.php\/wp-json\/wp\/v2\/types\/post"}],"author":[{"embeddable":true,"href":"https:\/\/lalupa24.com.ar\/index.php\/wp-json\/wp\/v2\/users\/11"}],"replies":[{"embeddable":true,"href":"https:\/\/lalupa24.com.ar\/index.php\/wp-json\/wp\/v2\/comments?post=11945"}],"version-history":[{"count":1,"href":"https:\/\/lalupa24.com.ar\/index.php\/wp-json\/wp\/v2\/posts\/11945\/revisions"}],"predecessor-version":[{"id":11947,"href":"https:\/\/lalupa24.com.ar\/index.php\/wp-json\/wp\/v2\/posts\/11945\/revisions\/11947"}],"wp:featuredmedia":[{"embeddable":true,"href":"https:\/\/lalupa24.com.ar\/index.php\/wp-json\/wp\/v2\/media\/11946"}],"wp:attachment":[{"href":"https:\/\/lalupa24.com.ar\/index.php\/wp-json\/wp\/v2\/media?parent=11945"}],"wp:term":[{"taxonomy":"category","embeddable":true,"href":"https:\/\/lalupa24.com.ar\/index.php\/wp-json\/wp\/v2\/categories?post=11945"},{"taxonomy":"post_tag","embeddable":true,"href":"https:\/\/lalupa24.com.ar\/index.php\/wp-json\/wp\/v2\/tags?post=11945"}],"curies":[{"name":"wp","href":"https:\/\/api.w.org\/{rel}","templated":true}]}}