{"id":1196,"date":"2024-05-07T10:49:38","date_gmt":"2024-05-07T13:49:38","guid":{"rendered":"https:\/\/lalupa24.com.ar\/?p=1196"},"modified":"2024-05-07T10:49:39","modified_gmt":"2024-05-07T13:49:39","slug":"se-consolida-el-liderazgo-de-leandro-zdero","status":"publish","type":"post","link":"https:\/\/lalupa24.com.ar\/index.php\/2024\/05\/07\/se-consolida-el-liderazgo-de-leandro-zdero\/","title":{"rendered":"Se consolida el liderazgo de Leandro Zdero"},"content":{"rendered":"\n<p>Por unanimidad Leandro Zdero, el nuevo Presidente de la UCR<br>Este lunes, pasada la medianoche, se cumpli\u00f3 el plazo para la presentaci\u00f3n de las listas en la UCR Chaco. El partido radical renovar\u00e1 sus autoridades el pr\u00f3ximo 1 de junio, con mandato por 2 a\u00f1os y en ese sentido, todas las l\u00edneas internas coincidieron en *consolidar la UNIDAD llevando al actual gobernador Leandro Zdero como el nuevo presidente y l\u00edder de la UCR<br>Es importante destacar que se firm\u00f3 un gran acta acuerdo entre los dirigentes provinciales, de todas las l\u00edneas que componen la UCR, para la oficializaci\u00f3n y la renovaci\u00f3n de las autoridades.<br>El *Comit\u00e9 provincial,* encabezado por:<br>Leandro Zdero<br>1.Susana Maggio<br>2.Diego Guti\u00e9rrez<br>3.Mar\u00eda Mancebo<br>4.Sergio Almir\u00f3n<br>5.Ana Mar\u00eda Cabrera<br>6.Sergio Funes<br>7.Y\u00e9sica Gonz\u00e1lez<br>8.Pablo N\u00fa\u00f1ez<br>9.Ver\u00f3nica Vargas<br>10.Ian Kaluk (\u2026)<br>Mientras que el *Comit\u00e9 Capital*, estar\u00e1 liderado por<br>1.Carla Cantero;<br>2.Mario Olivero;<br>3.Teresa Pereyra;<br>4.Carlos Morzan;<br>5.Mirian Jara<br>6.Dami\u00e1n Dunrauf<br>7.Alicia Ogara<br>8.Ram\u00f3n L\u00f3pez<br>9.Elvira Veuthey<br>10.Pablo Ledesma<br>11.Carla Hidalgo (\u2026)<br>Tambi\u00e9n renovar\u00e1n los Comit\u00e9s de Circuitos en los Municipios de 1\u00b0 y 2\u00b0 categor\u00eda con igual cantidad de miembros titulares y suplentes que el n\u00famero de concejales municipales, mientras que, en las comunas de 3\u00b0 categor\u00eda, elegir\u00e1n 5 titulares y 5 suplentes.<\/p>\n","protected":false},"excerpt":{"rendered":"<p>Por unanimidad Leandro Zdero, el nuevo Presidente de la UCREste lunes, pasada la medianoche, se cumpli\u00f3 el plazo para la presentaci\u00f3n de las listas en la UCR Chaco. El partido radical renovar\u00e1 sus autoridades el pr\u00f3ximo 1 de junio, con mandato por 2 a\u00f1os y en ese sentido, todas las l\u00edneas internas coincidieron en *consolidar [&hellip;]<\/p>\n","protected":false},"author":2,"featured_media":1197,"comment_status":"open","ping_status":"open","sticky":false,"template":"","format":"standard","meta":{"footnotes":""},"categories":[28],"tags":[],"class_list":{"0":"post-1196","1":"post","2":"type-post","3":"status-publish","4":"format-standard","5":"has-post-thumbnail","7":"category-locales"},"aioseo_notices":[],"_links":{"self":[{"href":"https:\/\/lalupa24.com.ar\/index.php\/wp-json\/wp\/v2\/posts\/1196","targetHints":{"allow":["GET"]}}],"collection":[{"href":"https:\/\/lalupa24.com.ar\/index.php\/wp-json\/wp\/v2\/posts"}],"about":[{"href":"https:\/\/lalupa24.com.ar\/index.php\/wp-json\/wp\/v2\/types\/post"}],"author":[{"embeddable":true,"href":"https:\/\/lalupa24.com.ar\/index.php\/wp-json\/wp\/v2\/users\/2"}],"replies":[{"embeddable":true,"href":"https:\/\/lalupa24.com.ar\/index.php\/wp-json\/wp\/v2\/comments?post=1196"}],"version-history":[{"count":1,"href":"https:\/\/lalupa24.com.ar\/index.php\/wp-json\/wp\/v2\/posts\/1196\/revisions"}],"predecessor-version":[{"id":1198,"href":"https:\/\/lalupa24.com.ar\/index.php\/wp-json\/wp\/v2\/posts\/1196\/revisions\/1198"}],"wp:featuredmedia":[{"embeddable":true,"href":"https:\/\/lalupa24.com.ar\/index.php\/wp-json\/wp\/v2\/media\/1197"}],"wp:attachment":[{"href":"https:\/\/lalupa24.com.ar\/index.php\/wp-json\/wp\/v2\/media?parent=1196"}],"wp:term":[{"taxonomy":"category","embeddable":true,"href":"https:\/\/lalupa24.com.ar\/index.php\/wp-json\/wp\/v2\/categories?post=1196"},{"taxonomy":"post_tag","embeddable":true,"href":"https:\/\/lalupa24.com.ar\/index.php\/wp-json\/wp\/v2\/tags?post=1196"}],"curies":[{"name":"wp","href":"https:\/\/api.w.org\/{rel}","templated":true}]}}