{"id":12005,"date":"2025-09-05T10:17:49","date_gmt":"2025-09-05T13:17:49","guid":{"rendered":"https:\/\/lalupa24.com.ar\/?p=12005"},"modified":"2025-09-18T10:19:40","modified_gmt":"2025-09-18T13:19:40","slug":"el-gobernador-constato-el-avance-de-las-refacciones-integrales-en-el-ciff-de-la-isla-del-cerrito","status":"publish","type":"post","link":"https:\/\/lalupa24.com.ar\/index.php\/2025\/09\/05\/el-gobernador-constato-el-avance-de-las-refacciones-integrales-en-el-ciff-de-la-isla-del-cerrito\/","title":{"rendered":"El Gobernador constat\u00f3 el avance de las refacciones integrales en el CIFF de la Isla del Cerrito"},"content":{"rendered":"\n<p>El Gobernador Zdero celebr\u00f3 el avance de las obras en lo que defini\u00f3 como un edificio \u201cparte de la historia de la Isla, destacando su recuperaci\u00f3n \u201cpara que aqu\u00ed se desarrolle esta actividad, donde tenemos ni\u00f1os que son atendidos a trav\u00e9s de Desarrollo Humano de la provincia del Chaco, articulando tambi\u00e9n con las \u00e1reas municipales\u201d.<br>En esa l\u00ednea, el Jefe del Ejecutivo chaque\u00f1o record\u00f3 que el CIFF cuenta actualmente con una matr\u00edcula de 75 ni\u00f1os y que \u201cllegar\u00eda aproximadamente a 90 chicos para atender\u201d. \u201cVinimos a hacer el monitoreo, el seguimiento, la inspecci\u00f3n de obra, obra que se est\u00e1 realizando a trav\u00e9s del Ministerio de Obras P\u00fablicas, y suponemos que aproximadamente en 1 o 2 meses ya estaremos ya con la obra concluida\u201d, adelant\u00f3.<br>\u201cTodas estas obras que tienen una mirada particular a la dimensi\u00f3n de la ni\u00f1ez, nosotros las estamos encarando a lo largo y a lo ancho de la provincia, durante el a\u00f1o 2024\u201d, ratific\u00f3, recordando que este a\u00f1o se han inaugurado varios CIFF.<\/p>\n\n\n\n<p>Obras para mejorar la prestaci\u00f3n y promover igualdad de oportunidades<br>Por su parte, la ministra Galarza, confirm\u00f3 que se trata de una obra en \u201cetapa final\u201d, reparando en \u201cla importancia que tiene recuperar adecuadamente estos los espacios donde se desarrolla la atenci\u00f3n, sobre todo de la primera infancia, cuenten con las condiciones edilicias, mobiliarias y prestaci\u00f3n de calidad, que d\u00e9 igualdad de oportunidades en los diferentes puntos del territorio provincial\u201d.<br>Asimismo, explic\u00f3 que a partir de una evaluaci\u00f3n realizada en La Isla del Cerrito \u201cya se hizo la proyecci\u00f3n de crecimiento en los pr\u00f3ximos cinco a\u00f1os, que nos va a permitir dar una atenci\u00f3n integral y sostenida a trav\u00e9s del tiempo, y una futura articulaci\u00f3n con todo lo que es el ingreso a nivel inicial con el Ministerio de Educaci\u00f3n, que tambi\u00e9n se viene trabajando de manera conjunta\u201d, sostuvo la titular de la cartera de Desarrollo Humano.<br>De este modo, con el financiamiento del Banco Interamericano de Desarrollo, se realizan all\u00ed arreglos de puertas, instalaci\u00f3n el\u00e9ctrica nueva, instalaci\u00f3n de sanitarios en salas, colocaci\u00f3n de mesadas, cambio de mosaicos, construcci\u00f3n de lavaderos, construcci\u00f3n de casilla de gas, construcci\u00f3n de pilar el\u00e9ctrico, cambio de tejas y vigas en techos, colocaci\u00f3n de mallas sima y tela met\u00e1lica en galer\u00edas, construcci\u00f3n de cerco perimetral, piso canteros y bancos en exteriores. Resta la ejecuci\u00f3n de la instalaci\u00f3n y colocaci\u00f3n de art\u00edculos varios como cocina, aires acondicionados, ventiladores, termotanque, luces exteriores, sensores de movimientos, detecci\u00f3n de humo, grifer\u00eda en ba\u00f1os y cocina.<\/p>\n\n\n\n<p>Un espacio de contenci\u00f3n para la poblaci\u00f3n m\u00e1s vulnerable<br>Creado el 1 de agosto de 1990, el Centro est\u00e1 actualmente ubicado en Avenida Chaco y Paraguay, con Gustavo Rodas como responsable institucional. El CIFF asiste a m\u00e1s de 36 familias y un total de 76 ni\u00f1os. El espacio cuenta con un personal de planta permanente compuesto por\u00a0 14\u00a0 personas.\u00a0<br>Rodas enfatiz\u00f3 la antig\u00fcedad del edificio \u201cdel tiempo del leprosario (1916)\u201d y aclar\u00f3 que el CIFF \u201ctrabaja directamente con la poblaci\u00f3n vulnerable, de acuerdo a la necesidad de la familia, de la localidad\u201d, desde los 45 d\u00edas de vida hasta los 13 a\u00f1os, inclusive y valor\u00f3 las obras que \u201cven\u00edan pidi\u00e9ndose hace mucho\u201d y que \u201cbeneficia a gran parte de la poblaci\u00f3n, sobre todo a la m\u00e1s vulnerable\u201d, concluy\u00f3.<\/p>\n","protected":false},"excerpt":{"rendered":"<p>El Gobernador Zdero celebr\u00f3 el avance de las obras en lo que defini\u00f3 como un edificio \u201cparte de la historia de la Isla, destacando su recuperaci\u00f3n \u201cpara que aqu\u00ed se desarrolle esta actividad, donde tenemos ni\u00f1os que son atendidos a trav\u00e9s de Desarrollo Humano de la provincia del Chaco, articulando tambi\u00e9n con las \u00e1reas municipales\u201d.En [&hellip;]<\/p>\n","protected":false},"author":2,"featured_media":12006,"comment_status":"open","ping_status":"open","sticky":false,"template":"","format":"standard","meta":{"footnotes":""},"categories":[28],"tags":[],"class_list":{"0":"post-12005","1":"post","2":"type-post","3":"status-publish","4":"format-standard","5":"has-post-thumbnail","7":"category-locales"},"aioseo_notices":[],"_links":{"self":[{"href":"https:\/\/lalupa24.com.ar\/index.php\/wp-json\/wp\/v2\/posts\/12005","targetHints":{"allow":["GET"]}}],"collection":[{"href":"https:\/\/lalupa24.com.ar\/index.php\/wp-json\/wp\/v2\/posts"}],"about":[{"href":"https:\/\/lalupa24.com.ar\/index.php\/wp-json\/wp\/v2\/types\/post"}],"author":[{"embeddable":true,"href":"https:\/\/lalupa24.com.ar\/index.php\/wp-json\/wp\/v2\/users\/2"}],"replies":[{"embeddable":true,"href":"https:\/\/lalupa24.com.ar\/index.php\/wp-json\/wp\/v2\/comments?post=12005"}],"version-history":[{"count":1,"href":"https:\/\/lalupa24.com.ar\/index.php\/wp-json\/wp\/v2\/posts\/12005\/revisions"}],"predecessor-version":[{"id":12007,"href":"https:\/\/lalupa24.com.ar\/index.php\/wp-json\/wp\/v2\/posts\/12005\/revisions\/12007"}],"wp:featuredmedia":[{"embeddable":true,"href":"https:\/\/lalupa24.com.ar\/index.php\/wp-json\/wp\/v2\/media\/12006"}],"wp:attachment":[{"href":"https:\/\/lalupa24.com.ar\/index.php\/wp-json\/wp\/v2\/media?parent=12005"}],"wp:term":[{"taxonomy":"category","embeddable":true,"href":"https:\/\/lalupa24.com.ar\/index.php\/wp-json\/wp\/v2\/categories?post=12005"},{"taxonomy":"post_tag","embeddable":true,"href":"https:\/\/lalupa24.com.ar\/index.php\/wp-json\/wp\/v2\/tags?post=12005"}],"curies":[{"name":"wp","href":"https:\/\/api.w.org\/{rel}","templated":true}]}}