{"id":12010,"date":"2025-09-05T10:27:03","date_gmt":"2025-09-05T13:27:03","guid":{"rendered":"https:\/\/lalupa24.com.ar\/?p=12010"},"modified":"2025-09-18T10:29:14","modified_gmt":"2025-09-18T13:29:14","slug":"resistencia-avanza-la-ampliacion-y-refaccion-del-caps-dr-laureano-maradora","status":"publish","type":"post","link":"https:\/\/lalupa24.com.ar\/index.php\/2025\/09\/05\/resistencia-avanza-la-ampliacion-y-refaccion-del-caps-dr-laureano-maradora\/","title":{"rendered":"Resistencia avanza la ampliaci\u00f3n y refaccion del CAPS Dr. Laureano Maradora"},"content":{"rendered":"\n<h4 class=\"wp-block-heading\">La obra contempla una superficie de 360 metros cuadrados con la refuncionalizaci\u00f3n de sectores existentes y la incorporaci\u00f3n de nuevos consultorios, espacios de administraci\u00f3n, farmacia y \u00e1reas de espera, adem\u00e1s de ba\u00f1os adaptados para personas con movilidad reducida. Tambi\u00e9n incluye la construcci\u00f3n de una planta alta con dep\u00f3sitos, oficinas administrativas y consultorios polivalentes, junto a la renovaci\u00f3n integral de las instalaciones el\u00e9ctricas, sanitarias y de seguridad.<br><br>En este sentido, el ministro de Infraestructura, Hugo Dom\u00ednguez, verific\u00f3 el avance de los trabajos y destac\u00f3 que \u201cestas intervenciones ampl\u00edan la capacidad de atenci\u00f3n del centro y mejoran las condiciones para los profesionales y pacientes, en un barrio donde la demanda sanitaria crece d\u00eda a d\u00eda\u201d.<br>El funcionario subray\u00f3 adem\u00e1s, que \u201cel Gobierno de la provincia prioriza la salud p\u00fablica con obras que fortalecen la red sanitaria y garantizan una mejor calidad de vida para los chaque\u00f1os\u201d.<\/h4>\n","protected":false},"excerpt":{"rendered":"<p>La obra contempla una superficie de 360 metros cuadrados con la refuncionalizaci\u00f3n de sectores existentes y la incorporaci\u00f3n de nuevos consultorios, espacios de administraci\u00f3n, farmacia y \u00e1reas de espera, adem\u00e1s de ba\u00f1os adaptados para personas con movilidad reducida. Tambi\u00e9n incluye la construcci\u00f3n de una planta alta con dep\u00f3sitos, oficinas administrativas y consultorios polivalentes, junto a [&hellip;]<\/p>\n","protected":false},"author":2,"featured_media":12011,"comment_status":"open","ping_status":"open","sticky":false,"template":"","format":"standard","meta":{"footnotes":""},"categories":[28],"tags":[],"class_list":{"0":"post-12010","1":"post","2":"type-post","3":"status-publish","4":"format-standard","5":"has-post-thumbnail","7":"category-locales"},"aioseo_notices":[],"_links":{"self":[{"href":"https:\/\/lalupa24.com.ar\/index.php\/wp-json\/wp\/v2\/posts\/12010","targetHints":{"allow":["GET"]}}],"collection":[{"href":"https:\/\/lalupa24.com.ar\/index.php\/wp-json\/wp\/v2\/posts"}],"about":[{"href":"https:\/\/lalupa24.com.ar\/index.php\/wp-json\/wp\/v2\/types\/post"}],"author":[{"embeddable":true,"href":"https:\/\/lalupa24.com.ar\/index.php\/wp-json\/wp\/v2\/users\/2"}],"replies":[{"embeddable":true,"href":"https:\/\/lalupa24.com.ar\/index.php\/wp-json\/wp\/v2\/comments?post=12010"}],"version-history":[{"count":1,"href":"https:\/\/lalupa24.com.ar\/index.php\/wp-json\/wp\/v2\/posts\/12010\/revisions"}],"predecessor-version":[{"id":12012,"href":"https:\/\/lalupa24.com.ar\/index.php\/wp-json\/wp\/v2\/posts\/12010\/revisions\/12012"}],"wp:featuredmedia":[{"embeddable":true,"href":"https:\/\/lalupa24.com.ar\/index.php\/wp-json\/wp\/v2\/media\/12011"}],"wp:attachment":[{"href":"https:\/\/lalupa24.com.ar\/index.php\/wp-json\/wp\/v2\/media?parent=12010"}],"wp:term":[{"taxonomy":"category","embeddable":true,"href":"https:\/\/lalupa24.com.ar\/index.php\/wp-json\/wp\/v2\/categories?post=12010"},{"taxonomy":"post_tag","embeddable":true,"href":"https:\/\/lalupa24.com.ar\/index.php\/wp-json\/wp\/v2\/tags?post=12010"}],"curies":[{"name":"wp","href":"https:\/\/api.w.org\/{rel}","templated":true}]}}