{"id":1202,"date":"2024-05-07T12:18:55","date_gmt":"2024-05-07T15:18:55","guid":{"rendered":"https:\/\/lalupa24.com.ar\/?p=1202"},"modified":"2024-05-07T12:24:48","modified_gmt":"2024-05-07T15:24:48","slug":"este-jueves-no-habra-colectivos-en-chaco","status":"publish","type":"post","link":"https:\/\/lalupa24.com.ar\/index.php\/2024\/05\/07\/este-jueves-no-habra-colectivos-en-chaco\/","title":{"rendered":"Este jueves no habr\u00e1 colectivos en Chaco"},"content":{"rendered":"\n<p>El gremio del transporte confirm\u00f3 finalmente que se suma a la medida de fuerza impulsada por la CGT. La medida comprende a l\u00edneas urbanas, interurbanas y Chaco &#8211; Corrientes.<\/p>\n\n\n\n<p>La Uni\u00f3n Tranviarios Automotor (UTA) anunci\u00f3 que adhiere al paro nacional dispuesto por la Confederaci\u00f3n General del Trabajo (CGT) para el pr\u00f3ximo jueves 9 de mayo.<\/p>\n\n\n\n<p>La suspensi\u00f3n del servicio comprende a l\u00edneas urbanas e interurbanas, servicio de Chaco &#8211; Corrientes y transporte de larga distancia.<\/p>\n\n\n\n<p>En un comunicado la UTA manifest\u00f3 &#8220;Informamos que como consecuencia de las medidas del Gobierno Nacional tomadas directamente en contra el Pueblo trabajador y abiertamente orientadas a vulnerar derechos individuales b\u00e1sicos, La Uni\u00f3n Tranviarios Automotor se suma al reclamo de toda la sociedad, y adhiere a la medida dispuesta por la CGT para el pr\u00f3ximo 9 de mayo&#8221;<\/p>\n\n\n\n<p>Adem\u00e1s, agreg\u00f3: &#8220;Desde las 00:00 horas y hasta la medianoche los trabajadores del autotransporte de pasajeros no prestaremos servicios&#8221;.<\/p>\n\n\n\n<p>A la decisi\u00f3n del gremio del transporte, los subtes confirmaron que se sumar\u00e1n a la medida de fuerza, junto a otros rubros de comercio, bancos, escuelas, entre otros.<\/p>\n","protected":false},"excerpt":{"rendered":"<p>El gremio del transporte confirm\u00f3 finalmente que se suma a la medida de fuerza impulsada por la CGT. La medida comprende a l\u00edneas urbanas, interurbanas y Chaco &#8211; Corrientes. La Uni\u00f3n Tranviarios Automotor (UTA) anunci\u00f3 que adhiere al paro nacional dispuesto por la Confederaci\u00f3n General del Trabajo (CGT) para el pr\u00f3ximo jueves 9 de mayo. [&hellip;]<\/p>\n","protected":false},"author":2,"featured_media":1205,"comment_status":"open","ping_status":"open","sticky":false,"template":"","format":"standard","meta":{"footnotes":""},"categories":[28],"tags":[],"class_list":{"0":"post-1202","1":"post","2":"type-post","3":"status-publish","4":"format-standard","5":"has-post-thumbnail","7":"category-locales"},"aioseo_notices":[],"_links":{"self":[{"href":"https:\/\/lalupa24.com.ar\/index.php\/wp-json\/wp\/v2\/posts\/1202","targetHints":{"allow":["GET"]}}],"collection":[{"href":"https:\/\/lalupa24.com.ar\/index.php\/wp-json\/wp\/v2\/posts"}],"about":[{"href":"https:\/\/lalupa24.com.ar\/index.php\/wp-json\/wp\/v2\/types\/post"}],"author":[{"embeddable":true,"href":"https:\/\/lalupa24.com.ar\/index.php\/wp-json\/wp\/v2\/users\/2"}],"replies":[{"embeddable":true,"href":"https:\/\/lalupa24.com.ar\/index.php\/wp-json\/wp\/v2\/comments?post=1202"}],"version-history":[{"count":1,"href":"https:\/\/lalupa24.com.ar\/index.php\/wp-json\/wp\/v2\/posts\/1202\/revisions"}],"predecessor-version":[{"id":1204,"href":"https:\/\/lalupa24.com.ar\/index.php\/wp-json\/wp\/v2\/posts\/1202\/revisions\/1204"}],"wp:featuredmedia":[{"embeddable":true,"href":"https:\/\/lalupa24.com.ar\/index.php\/wp-json\/wp\/v2\/media\/1205"}],"wp:attachment":[{"href":"https:\/\/lalupa24.com.ar\/index.php\/wp-json\/wp\/v2\/media?parent=1202"}],"wp:term":[{"taxonomy":"category","embeddable":true,"href":"https:\/\/lalupa24.com.ar\/index.php\/wp-json\/wp\/v2\/categories?post=1202"},{"taxonomy":"post_tag","embeddable":true,"href":"https:\/\/lalupa24.com.ar\/index.php\/wp-json\/wp\/v2\/tags?post=1202"}],"curies":[{"name":"wp","href":"https:\/\/api.w.org\/{rel}","templated":true}]}}