{"id":12052,"date":"2025-09-20T11:59:19","date_gmt":"2025-09-20T14:59:19","guid":{"rendered":"https:\/\/lalupa24.com.ar\/?p=12052"},"modified":"2025-09-20T11:59:20","modified_gmt":"2025-09-20T14:59:20","slug":"que-olor-a-default-la-dura-critica-de-cristina-kirchner-sacude-el-debate-economico","status":"publish","type":"post","link":"https:\/\/lalupa24.com.ar\/index.php\/2025\/09\/20\/que-olor-a-default-la-dura-critica-de-cristina-kirchner-sacude-el-debate-economico\/","title":{"rendered":"&#8220;Qu\u00e9 olor a default&#8221;: La dura cr\u00edtica de Cristina Kirchner sacude el debate econ\u00f3mico"},"content":{"rendered":"\n<p><\/p>\n\n\n\n<p>El escenario pol\u00edtico argentino se encendi\u00f3 tras las declaraciones de la expresidenta <strong>Cristina Fern\u00e1ndez de Kirchner<\/strong>, quien lanz\u00f3 una dura cr\u00edtica a la pol\u00edtica econ\u00f3mica del actual gobierno, advirtiendo sobre un riesgo inminente de <em>default<\/em>. A trav\u00e9s de sus redes sociales, la exmandataria utiliz\u00f3 la contundente frase \u201cqu\u00e9 olor a default\u201d, un mensaje que resuena con la memoria de la crisis de 2001 y que pone en el centro del debate la sostenibilidad de la deuda p\u00fablica y el rumbo de la gesti\u00f3n fiscal. Sus palabras no solo buscan cuestionar la administraci\u00f3n actual, sino que tambi\u00e9n reabren la grieta y polarizan el an\u00e1lisis sobre el futuro econ\u00f3mico del pa\u00eds.<\/p>\n\n\n\n<p>La cr\u00edtica de <strong>Cristina Kirchner<\/strong> se produce en un momento de creciente <strong>tensi\u00f3n financiera<\/strong>, con el d\u00f3lar mostrando una volatilidad persistente y el mercado de bonos exhibiendo signos de desconfianza. La expresidenta, conocida por su estilo frontal, no se limit\u00f3 a la simple observaci\u00f3n, sino que vincul\u00f3 la situaci\u00f3n actual con las pol\u00edticas de endeudamiento y las altas tasas de inter\u00e9s, un diagn\u00f3stico que el kirchnerismo ha mantenido desde el inicio de la gesti\u00f3n. La frase &#8220;olor a default&#8221; no es solo una met\u00e1fora; es una advertencia que apunta directamente al coraz\u00f3n de la pol\u00edtica de ajuste y financiamiento externo del gobierno.<\/p>\n\n\n\n<p>Analistas econ\u00f3micos se\u00f1alan que, si bien la situaci\u00f3n actual dista de la crisis terminal de 2001, la preocupaci\u00f3n por la capacidad de pago del Estado no es infundada. El fuerte endeudamiento en moneda extranjera y la dificultad para generar un super\u00e1vit primario sostenible son factores de riesgo. &#8220;La cr\u00edtica de la expresidenta es pol\u00edtica, pero toca una fibra sensible en el mercado. La sostenibilidad de la deuda es la gran pregunta que se hacen los inversores&#8221;, coment\u00f3 un economista de una consultora de la City porte\u00f1a.<\/p>\n\n\n\n<p>El gobierno, por su parte, ha salido a responder de manera contundente, minimizando la gravedad de la situaci\u00f3n y acusando a la expresidenta de generar inestabilidad pol\u00edtica. &#8220;Estas declaraciones son irresponsables. Buscan sembrar p\u00e1nico y no tienen un correlato con la realidad econ\u00f3mica. Estamos cumpliendo con nuestras obligaciones y el plan fiscal es s\u00f3lido&#8221;, afirm\u00f3 un vocero del Ministerio de Econom\u00eda. La respuesta oficial busca calmar a los mercados y deslegitimar el mensaje de la oposici\u00f3n.<\/p>\n\n\n\n<p>La discusi\u00f3n sobre la deuda no es solo un tema t\u00e9cnico; tiene profundas implicaciones sociales y pol\u00edticas. Un eventual <em>default<\/em> afectar\u00eda directamente a la econom\u00eda real, con un desplome de la actividad, una espiral inflacionaria y un aumento del desempleo. La ret\u00f3rica de <strong>Cristina Kirchner<\/strong> apunta a esos temores, buscando conectar con un sector de la sociedad que ya padece los efectos del ajuste. La batalla pol\u00edtica se libra en el terreno econ\u00f3mico, y las palabras se convierten en armas.<\/p>\n\n\n\n<p>La frase \u201cqu\u00e9 olor a default\u201d ya se ha instalado en el debate p\u00fablico. La advertencia, m\u00e1s all\u00e1 de la intenci\u00f3n pol\u00edtica, sirve como un recordatorio de la fragilidad econ\u00f3mica que persiste en el pa\u00eds. El gobierno deber\u00e1 redoblar sus esfuerzos para mostrar un plan sostenible que genere confianza, mientras la oposici\u00f3n, con la voz de la exmandataria a la cabeza, buscar\u00e1 capitalizar el descontento y las incertidumbres que genera el rumbo econ\u00f3mico actual. El futuro de la econom\u00eda y la estabilidad pol\u00edtica se juegan en el mismo tablero.<\/p>\n","protected":false},"excerpt":{"rendered":"<p>El escenario pol\u00edtico argentino se encendi\u00f3 tras las declaraciones de la expresidenta Cristina Fern\u00e1ndez de Kirchner, quien lanz\u00f3 una dura cr\u00edtica a la pol\u00edtica econ\u00f3mica del actual gobierno, advirtiendo sobre un riesgo inminente de default. A trav\u00e9s de sus redes sociales, la exmandataria utiliz\u00f3 la contundente frase \u201cqu\u00e9 olor a default\u201d, un mensaje que resuena [&hellip;]<\/p>\n","protected":false},"author":2,"featured_media":12057,"comment_status":"open","ping_status":"open","sticky":false,"template":"","format":"standard","meta":{"footnotes":""},"categories":[26],"tags":[],"class_list":{"0":"post-12052","1":"post","2":"type-post","3":"status-publish","4":"format-standard","5":"has-post-thumbnail","7":"category-nacionales"},"aioseo_notices":[],"_links":{"self":[{"href":"https:\/\/lalupa24.com.ar\/index.php\/wp-json\/wp\/v2\/posts\/12052","targetHints":{"allow":["GET"]}}],"collection":[{"href":"https:\/\/lalupa24.com.ar\/index.php\/wp-json\/wp\/v2\/posts"}],"about":[{"href":"https:\/\/lalupa24.com.ar\/index.php\/wp-json\/wp\/v2\/types\/post"}],"author":[{"embeddable":true,"href":"https:\/\/lalupa24.com.ar\/index.php\/wp-json\/wp\/v2\/users\/2"}],"replies":[{"embeddable":true,"href":"https:\/\/lalupa24.com.ar\/index.php\/wp-json\/wp\/v2\/comments?post=12052"}],"version-history":[{"count":1,"href":"https:\/\/lalupa24.com.ar\/index.php\/wp-json\/wp\/v2\/posts\/12052\/revisions"}],"predecessor-version":[{"id":12058,"href":"https:\/\/lalupa24.com.ar\/index.php\/wp-json\/wp\/v2\/posts\/12052\/revisions\/12058"}],"wp:featuredmedia":[{"embeddable":true,"href":"https:\/\/lalupa24.com.ar\/index.php\/wp-json\/wp\/v2\/media\/12057"}],"wp:attachment":[{"href":"https:\/\/lalupa24.com.ar\/index.php\/wp-json\/wp\/v2\/media?parent=12052"}],"wp:term":[{"taxonomy":"category","embeddable":true,"href":"https:\/\/lalupa24.com.ar\/index.php\/wp-json\/wp\/v2\/categories?post=12052"},{"taxonomy":"post_tag","embeddable":true,"href":"https:\/\/lalupa24.com.ar\/index.php\/wp-json\/wp\/v2\/tags?post=12052"}],"curies":[{"name":"wp","href":"https:\/\/api.w.org\/{rel}","templated":true}]}}