{"id":12061,"date":"2025-09-20T12:00:46","date_gmt":"2025-09-20T15:00:46","guid":{"rendered":"https:\/\/lalupa24.com.ar\/?p=12061"},"modified":"2025-09-20T12:00:47","modified_gmt":"2025-09-20T15:00:47","slug":"a-100-dias-de-su-detencion-el-kirchnerismo-se-moviliza-en-respaldo-a-cristina-kirchner","status":"publish","type":"post","link":"https:\/\/lalupa24.com.ar\/index.php\/2025\/09\/20\/a-100-dias-de-su-detencion-el-kirchnerismo-se-moviliza-en-respaldo-a-cristina-kirchner\/","title":{"rendered":"A 100 d\u00edas de su detenci\u00f3n: El kirchnerismo se moviliza en respaldo a Cristina Kirchner"},"content":{"rendered":"\n<p>La pol\u00edtica argentina se prepara para una nueva demostraci\u00f3n de fuerza con la movilizaci\u00f3n convocada por el kirchnerismo en apoyo a la expresidenta <strong>Cristina Fern\u00e1ndez de Kirchner<\/strong>. El evento, que tendr\u00e1 como epicentro la residencia de la exmandataria, coincide con el simb\u00f3lico cumplimiento de <strong>100 d\u00edas de su detenci\u00f3n domiciliaria<\/strong>, una situaci\u00f3n judicial que ha polarizado al pa\u00eds. La movilizaci\u00f3n busca reafirmar el apoyo incondicional a la l\u00edder y denunciar lo que consideran una &#8220;persecuci\u00f3n pol\u00edtica&#8221; en su contra, reavivando el debate sobre la justicia y el poder en Argentina.<\/p>\n\n\n\n<p>La convocatoria, organizada por diversas agrupaciones pol\u00edticas, sociales y sindicales, no solo busca expresar solidaridad con la expresidenta, sino que tambi\u00e9n se posiciona como un acto de repudio a las pol\u00edticas del actual gobierno. &#8220;No es solo por Cristina, es por un modelo de pa\u00eds que nos quieren sacar&#8221;, expres\u00f3 un dirigente social en la previa de la marcha. El evento servir\u00e1 como una plataforma para que los oradores critiquen la situaci\u00f3n econ\u00f3mica y social, vincul\u00e1ndola con la presunta &#8220;criminalizaci\u00f3n de la pol\u00edtica&#8221;.<\/p>\n\n\n\n<p>La detenci\u00f3n domiciliaria de <strong>Cristina Kirchner<\/strong>, ordenada por la Justicia en una de las m\u00faltiples causas que enfrenta, ha sido el principal motor de esta movilizaci\u00f3n. Los seguidores de la exmandataria sostienen que se trata de un caso de <em>lawfare<\/em> o guerra jur\u00eddica, en el que se utiliza al poder judicial para perseguir a l\u00edderes opositores. La movilizaci\u00f3n busca visibilizar esta denuncia y presionar a la opini\u00f3n p\u00fablica, reafirmando que, a pesar de las causas judiciales, la expresidenta sigue gozando de un importante respaldo popular.<\/p>\n\n\n\n<p>La marcha tambi\u00e9n tiene una dimensi\u00f3n simb\u00f3lica, al cumplirse 100 d\u00edas de la detenci\u00f3n. Este n\u00famero redondo se convierte en un pretexto para reavivar la llama de la militancia y mantener la figura de la exmandataria en el centro del debate pol\u00edtico. En la pr\u00e1ctica, la movilizaci\u00f3n sirve como un term\u00f3metro para medir la capacidad de convocatoria del kirchnerismo y su fortaleza como principal fuerza de oposici\u00f3n al gobierno.<\/p>\n\n\n\n<p>El evento se desarrolla en un contexto de alta tensi\u00f3n pol\u00edtica, con el oficialismo y la oposici\u00f3n en una disputa constante en el Congreso, en los medios y en las calles. La movilizaci\u00f3n no solo muestra la fuerza del kirchnerismo, sino que tambi\u00e9n evidencia la profunda polarizaci\u00f3n que caracteriza a la pol\u00edtica argentina. Mientras unos ven en la marcha una defensa de la democracia, otros la interpretan como un ataque a la independencia del poder judicial.<\/p>\n\n\n\n<p>La movilizaci\u00f3n en apoyo a <strong>Cristina Kirchner<\/strong> es un recordatorio de que, m\u00e1s all\u00e1 de las decisiones judiciales, la pol\u00edtica argentina sigue siendo un escenario de pasiones y lealtades. El resultado de la marcha no solo ser\u00e1 un n\u00famero de asistentes, sino un mensaje sobre la vitalidad del movimiento kirchnerista y su capacidad para incidir en el futuro pol\u00edtico del pa\u00eds.<\/p>\n","protected":false},"excerpt":{"rendered":"<p>La pol\u00edtica argentina se prepara para una nueva demostraci\u00f3n de fuerza con la movilizaci\u00f3n convocada por el kirchnerismo en apoyo a la expresidenta Cristina Fern\u00e1ndez de Kirchner. El evento, que tendr\u00e1 como epicentro la residencia de la exmandataria, coincide con el simb\u00f3lico cumplimiento de 100 d\u00edas de su detenci\u00f3n domiciliaria, una situaci\u00f3n judicial que ha [&hellip;]<\/p>\n","protected":false},"author":2,"featured_media":12055,"comment_status":"open","ping_status":"open","sticky":false,"template":"","format":"standard","meta":{"footnotes":""},"categories":[26],"tags":[],"class_list":{"0":"post-12061","1":"post","2":"type-post","3":"status-publish","4":"format-standard","5":"has-post-thumbnail","7":"category-nacionales"},"aioseo_notices":[],"_links":{"self":[{"href":"https:\/\/lalupa24.com.ar\/index.php\/wp-json\/wp\/v2\/posts\/12061","targetHints":{"allow":["GET"]}}],"collection":[{"href":"https:\/\/lalupa24.com.ar\/index.php\/wp-json\/wp\/v2\/posts"}],"about":[{"href":"https:\/\/lalupa24.com.ar\/index.php\/wp-json\/wp\/v2\/types\/post"}],"author":[{"embeddable":true,"href":"https:\/\/lalupa24.com.ar\/index.php\/wp-json\/wp\/v2\/users\/2"}],"replies":[{"embeddable":true,"href":"https:\/\/lalupa24.com.ar\/index.php\/wp-json\/wp\/v2\/comments?post=12061"}],"version-history":[{"count":1,"href":"https:\/\/lalupa24.com.ar\/index.php\/wp-json\/wp\/v2\/posts\/12061\/revisions"}],"predecessor-version":[{"id":12062,"href":"https:\/\/lalupa24.com.ar\/index.php\/wp-json\/wp\/v2\/posts\/12061\/revisions\/12062"}],"wp:featuredmedia":[{"embeddable":true,"href":"https:\/\/lalupa24.com.ar\/index.php\/wp-json\/wp\/v2\/media\/12055"}],"wp:attachment":[{"href":"https:\/\/lalupa24.com.ar\/index.php\/wp-json\/wp\/v2\/media?parent=12061"}],"wp:term":[{"taxonomy":"category","embeddable":true,"href":"https:\/\/lalupa24.com.ar\/index.php\/wp-json\/wp\/v2\/categories?post=12061"},{"taxonomy":"post_tag","embeddable":true,"href":"https:\/\/lalupa24.com.ar\/index.php\/wp-json\/wp\/v2\/tags?post=12061"}],"curies":[{"name":"wp","href":"https:\/\/api.w.org\/{rel}","templated":true}]}}