{"id":12063,"date":"2025-09-20T12:01:40","date_gmt":"2025-09-20T15:01:40","guid":{"rendered":"https:\/\/lalupa24.com.ar\/?p=12063"},"modified":"2025-09-20T12:01:41","modified_gmt":"2025-09-20T15:01:41","slug":"la-avenida-del-medio-busca-capitalizar-el-desencanto-de-peronistas-y-macristas","status":"publish","type":"post","link":"https:\/\/lalupa24.com.ar\/index.php\/2025\/09\/20\/la-avenida-del-medio-busca-capitalizar-el-desencanto-de-peronistas-y-macristas\/","title":{"rendered":"La &#8220;avenida del medio&#8221; busca capitalizar el desencanto de peronistas y macristas"},"content":{"rendered":"\n<p>En un escenario pol\u00edtico dominado por la polarizaci\u00f3n y la llamada <strong>&#8220;grieta&#8221;<\/strong>, una nueva corriente pol\u00edtica busca emerger con fuerza en la <strong>Ciudad de Buenos Aires (CABA)<\/strong> y la <strong>Provincia de Buenos Aires (PBA)<\/strong>: la llamada &#8220;avenida del medio&#8221;. Este espacio, que se posiciona como una alternativa a las opciones tradicionales del peronismo y el macrismo, busca capitalizar el desencanto de un sector de la sociedad que se siente desilusionado con los l\u00edderes y las propuestas de ambos frentes. La apuesta es ambiciosa y podr\u00eda reconfigurar el mapa pol\u00edtico de cara a las pr\u00f3ximas elecciones.<\/p>\n\n\n\n<p>El surgimiento de esta &#8220;avenida del medio&#8221; no es casual. Tanto el oficialismo como la oposici\u00f3n han sufrido un desgaste importante en el \u00faltimo tiempo, con la sociedad expresando su descontento a trav\u00e9s de encuestas y manifestaciones. Un sector del electorado, que en el pasado vot\u00f3 a las principales fuerzas pol\u00edticas, ahora se siente hu\u00e9rfano de representaci\u00f3n y busca un espacio que ofrezca propuestas m\u00e1s moderadas y orientadas a la gesti\u00f3n.<\/p>\n\n\n\n<p>La estrategia de los nuevos l\u00edderes es clara: atraer a los &#8220;desencantados&#8221; de ambos lados de la grieta. Se dirigen a los peronistas que no se sienten identificados con el kirchnerismo m\u00e1s radical y a los votantes del macrismo que han perdido la fe en la capacidad de su partido para resolver los problemas del pa\u00eds. El discurso se centra en la moderaci\u00f3n, el consenso y la b\u00fasqueda de soluciones pragm\u00e1ticas, en contraposici\u00f3n a la confrontaci\u00f3n y la ret\u00f3rica combativa de las fuerzas mayoritarias.<\/p>\n\n\n\n<p>Seg\u00fan una reciente encuesta de opini\u00f3n p\u00fablica, un 40% de los electores de CABA y un 35% en la PBA se declaran como &#8220;independientes&#8221; o &#8220;desencantados&#8221; de la pol\u00edtica tradicional. Este dato es un claro indicador del potencial de la &#8220;avenida del medio&#8221;. El desaf\u00edo de este nuevo espacio ser\u00e1 convertir ese desencanto en una propuesta pol\u00edtica concreta y en una base electoral s\u00f3lida, que vaya m\u00e1s all\u00e1 de la mera reacci\u00f3n al bipartidismo.<\/p>\n\n\n\n<p>La apuesta en los dos distritos m\u00e1s importantes del pa\u00eds no es menor. El \u00e9xito en CABA y en la PBA podr\u00eda tener un efecto domin\u00f3 a nivel nacional, abriendo la puerta a una reconfiguraci\u00f3n total del sistema pol\u00edtico argentino. Los l\u00edderes de este espacio saben que tienen una ventana de oportunidad \u00fanica, pero tambi\u00e9n son conscientes de que la grieta es una fuerza poderosa que tiende a absorber y a polarizar a cualquier intento de moderaci\u00f3n.<\/p>\n\n\n\n<p>En conclusi\u00f3n, la &#8220;avenida del medio&#8221; emerge como un actor relevante en el panorama pol\u00edtico argentino. Su capacidad para seducir a los votantes desencantados del peronismo y el macrismo depender\u00e1 de su habilidad para construir una propuesta cre\u00edble y de su fortaleza para resistir la polarizaci\u00f3n. El futuro de la pol\u00edtica argentina podr\u00eda no estar en los extremos, sino en un espacio que muchos cre\u00edan que ya no exist\u00eda.<\/p>\n","protected":false},"excerpt":{"rendered":"<p>En un escenario pol\u00edtico dominado por la polarizaci\u00f3n y la llamada &#8220;grieta&#8221;, una nueva corriente pol\u00edtica busca emerger con fuerza en la Ciudad de Buenos Aires (CABA) y la Provincia de Buenos Aires (PBA): la llamada &#8220;avenida del medio&#8221;. Este espacio, que se posiciona como una alternativa a las opciones tradicionales del peronismo y el [&hellip;]<\/p>\n","protected":false},"author":2,"featured_media":12054,"comment_status":"open","ping_status":"open","sticky":false,"template":"","format":"standard","meta":{"footnotes":""},"categories":[26],"tags":[],"class_list":{"0":"post-12063","1":"post","2":"type-post","3":"status-publish","4":"format-standard","5":"has-post-thumbnail","7":"category-nacionales"},"aioseo_notices":[],"_links":{"self":[{"href":"https:\/\/lalupa24.com.ar\/index.php\/wp-json\/wp\/v2\/posts\/12063","targetHints":{"allow":["GET"]}}],"collection":[{"href":"https:\/\/lalupa24.com.ar\/index.php\/wp-json\/wp\/v2\/posts"}],"about":[{"href":"https:\/\/lalupa24.com.ar\/index.php\/wp-json\/wp\/v2\/types\/post"}],"author":[{"embeddable":true,"href":"https:\/\/lalupa24.com.ar\/index.php\/wp-json\/wp\/v2\/users\/2"}],"replies":[{"embeddable":true,"href":"https:\/\/lalupa24.com.ar\/index.php\/wp-json\/wp\/v2\/comments?post=12063"}],"version-history":[{"count":1,"href":"https:\/\/lalupa24.com.ar\/index.php\/wp-json\/wp\/v2\/posts\/12063\/revisions"}],"predecessor-version":[{"id":12064,"href":"https:\/\/lalupa24.com.ar\/index.php\/wp-json\/wp\/v2\/posts\/12063\/revisions\/12064"}],"wp:featuredmedia":[{"embeddable":true,"href":"https:\/\/lalupa24.com.ar\/index.php\/wp-json\/wp\/v2\/media\/12054"}],"wp:attachment":[{"href":"https:\/\/lalupa24.com.ar\/index.php\/wp-json\/wp\/v2\/media?parent=12063"}],"wp:term":[{"taxonomy":"category","embeddable":true,"href":"https:\/\/lalupa24.com.ar\/index.php\/wp-json\/wp\/v2\/categories?post=12063"},{"taxonomy":"post_tag","embeddable":true,"href":"https:\/\/lalupa24.com.ar\/index.php\/wp-json\/wp\/v2\/tags?post=12063"}],"curies":[{"name":"wp","href":"https:\/\/api.w.org\/{rel}","templated":true}]}}