{"id":12072,"date":"2025-09-20T12:05:43","date_gmt":"2025-09-20T15:05:43","guid":{"rendered":"https:\/\/lalupa24.com.ar\/?p=12072"},"modified":"2025-09-20T12:05:44","modified_gmt":"2025-09-20T15:05:44","slug":"presion-sobre-milei-funcionarios-claman-por-una-definicion-para-ordenar-la-crisis-interna-en-casa-rosada","status":"publish","type":"post","link":"https:\/\/lalupa24.com.ar\/index.php\/2025\/09\/20\/presion-sobre-milei-funcionarios-claman-por-una-definicion-para-ordenar-la-crisis-interna-en-casa-rosada\/","title":{"rendered":"Presi\u00f3n sobre Milei: Funcionarios claman por una definici\u00f3n para ordenar la crisis interna en Casa Rosada"},"content":{"rendered":"\n<p>En el coraz\u00f3n del poder ejecutivo, una creciente crisis interna ha comenzado a desbordarse, llevando a altos funcionarios a clamar por la intervenci\u00f3n directa del presidente <strong>Javier Milei<\/strong> para <strong>ordenar y definir el rumbo de su gesti\u00f3n<\/strong>. El conflicto, que se manifiesta en pugnas entre ministerios, falta de coordinaci\u00f3n y mensajes contradictorios, ha generado un clima de profunda tensi\u00f3n que afecta la gobernabilidad. La urgencia de la situaci\u00f3n se ha vuelto una constante en los pasillos de la Casa Rosada, con un consenso creciente de que el presidente debe actuar con celeridad para poner fin a la anarqu\u00eda interna.<\/p>\n\n\n\n<p>Las fricciones en el Gabinete no son una novedad, pero en las \u00faltimas semanas han escalado de forma preocupante. Diversas fuentes, incluyendo colaboradores directos y figuras clave del oficialismo, han manifestado su preocupaci\u00f3n por la <strong>falta de una estructura de mando clara<\/strong>. Las disputas de poder entre funcionarios, a menudo motivadas por diferencias en la implementaci\u00f3n de pol\u00edticas o por simple rivalidad, han paralizado decisiones importantes y han retrasado la ejecuci\u00f3n de la agenda gubernamental.<\/p>\n\n\n\n<p>Esta falta de orden se traduce en problemas tangibles para la gesti\u00f3n. Los medios de comunicaci\u00f3n reciben a diario informaci\u00f3n opuesta de diferentes fuentes oficiales, creando un ambiente de confusi\u00f3n que desorienta a los inversores y a la opini\u00f3n p\u00fablica. &#8220;La gesti\u00f3n necesita que el presidente decida pronto sobre los roles y las funciones. No se puede trabajar con tantos ruidos internos&#8221;, expres\u00f3 un funcionario de alto rango en condici\u00f3n de anonimato, reflejando el sentir de un amplio sector dentro del gobierno.<\/p>\n\n\n\n<p>La situaci\u00f3n es especialmente delicada considerando que el gobierno de <strong>Milei<\/strong> ha apostado todo a la figura del presidente. Su estilo de liderazgo, personalista y basado en la confrontaci\u00f3n externa, no ha logrado consolidar una estructura de poder coherente internamente. La falta de un jefe de gabinete con plenos poderes y la ausencia de un filtro claro en la toma de decisiones han dejado un vac\u00edo que las internas han aprovechado para crecer.<\/p>\n\n\n\n<p>La oposici\u00f3n pol\u00edtica, por su parte, observa con atenci\u00f3n los acontecimientos. Los analistas coinciden en que la crisis interna es una se\u00f1al de debilidad que podr\u00eda ser capitalizada en el <strong>Congreso<\/strong> para avanzar en proyectos que pongan freno a las reformas del oficialismo. La falta de una voz unificada desde el gobierno facilita la tarea de quienes buscan deslegitimar la gesti\u00f3n y ganar terreno en el debate p\u00fablico.<\/p>\n\n\n\n<p>El desaf\u00edo para <strong>Milei<\/strong> es monumental. Para un presidente que valora la libertad y la desregulaci\u00f3n, la necesidad de ordenar el caos interno podr\u00eda parecer una contradicci\u00f3n. Sin embargo, la historia de la gesti\u00f3n p\u00fablica demuestra que el \u00e9xito de un gobierno depende de una estructura s\u00f3lida y una cadena de mando eficiente. El pr\u00f3ximo movimiento del presidente ser\u00e1 determinante para el futuro de su gobierno: deber\u00e1 elegir si contin\u00faa con su estilo actual o si, por el bien de la gobernabilidad, asume un rol m\u00e1s activo en la resoluci\u00f3n de los conflictos internos.<\/p>\n","protected":false},"excerpt":{"rendered":"<p>En el coraz\u00f3n del poder ejecutivo, una creciente crisis interna ha comenzado a desbordarse, llevando a altos funcionarios a clamar por la intervenci\u00f3n directa del presidente Javier Milei para ordenar y definir el rumbo de su gesti\u00f3n. El conflicto, que se manifiesta en pugnas entre ministerios, falta de coordinaci\u00f3n y mensajes contradictorios, ha generado un [&hellip;]<\/p>\n","protected":false},"author":2,"featured_media":12073,"comment_status":"open","ping_status":"open","sticky":false,"template":"","format":"standard","meta":{"footnotes":""},"categories":[26],"tags":[],"class_list":{"0":"post-12072","1":"post","2":"type-post","3":"status-publish","4":"format-standard","5":"has-post-thumbnail","7":"category-nacionales"},"aioseo_notices":[],"_links":{"self":[{"href":"https:\/\/lalupa24.com.ar\/index.php\/wp-json\/wp\/v2\/posts\/12072","targetHints":{"allow":["GET"]}}],"collection":[{"href":"https:\/\/lalupa24.com.ar\/index.php\/wp-json\/wp\/v2\/posts"}],"about":[{"href":"https:\/\/lalupa24.com.ar\/index.php\/wp-json\/wp\/v2\/types\/post"}],"author":[{"embeddable":true,"href":"https:\/\/lalupa24.com.ar\/index.php\/wp-json\/wp\/v2\/users\/2"}],"replies":[{"embeddable":true,"href":"https:\/\/lalupa24.com.ar\/index.php\/wp-json\/wp\/v2\/comments?post=12072"}],"version-history":[{"count":1,"href":"https:\/\/lalupa24.com.ar\/index.php\/wp-json\/wp\/v2\/posts\/12072\/revisions"}],"predecessor-version":[{"id":12074,"href":"https:\/\/lalupa24.com.ar\/index.php\/wp-json\/wp\/v2\/posts\/12072\/revisions\/12074"}],"wp:featuredmedia":[{"embeddable":true,"href":"https:\/\/lalupa24.com.ar\/index.php\/wp-json\/wp\/v2\/media\/12073"}],"wp:attachment":[{"href":"https:\/\/lalupa24.com.ar\/index.php\/wp-json\/wp\/v2\/media?parent=12072"}],"wp:term":[{"taxonomy":"category","embeddable":true,"href":"https:\/\/lalupa24.com.ar\/index.php\/wp-json\/wp\/v2\/categories?post=12072"},{"taxonomy":"post_tag","embeddable":true,"href":"https:\/\/lalupa24.com.ar\/index.php\/wp-json\/wp\/v2\/tags?post=12072"}],"curies":[{"name":"wp","href":"https:\/\/api.w.org\/{rel}","templated":true}]}}