{"id":12075,"date":"2025-09-20T12:08:43","date_gmt":"2025-09-20T15:08:43","guid":{"rendered":"https:\/\/lalupa24.com.ar\/?p=12075"},"modified":"2025-09-20T12:08:44","modified_gmt":"2025-09-20T15:08:44","slug":"presupuesto-2026-el-gobierno-proyecta-un-ajuste-en-la-asistencia-social-con-1-3-millones-de-beneficiarios-menos","status":"publish","type":"post","link":"https:\/\/lalupa24.com.ar\/index.php\/2025\/09\/20\/presupuesto-2026-el-gobierno-proyecta-un-ajuste-en-la-asistencia-social-con-1-3-millones-de-beneficiarios-menos\/","title":{"rendered":"Presupuesto 2026: El Gobierno proyecta un ajuste en la asistencia social con 1.3 millones de beneficiarios menos"},"content":{"rendered":"\n<p>El gobierno present\u00f3 los lineamientos generales del <strong>Presupuesto 2026<\/strong>, revelando una dr\u00e1stica reconfiguraci\u00f3n de la pol\u00edtica social que generar\u00e1 un profundo debate en el Congreso y en la sociedad. El documento oficial proyecta que la asistencia directa del Estado llegar\u00e1 a <strong>22.5 millones de argentinos<\/strong>, una cifra que representa una reducci\u00f3n de 1.3 millones de beneficiarios en comparaci\u00f3n con la gesti\u00f3n anterior. Este ajuste, justificado por el Gobierno como una medida de &#8220;racionalizaci\u00f3n&#8221; y &#8220;optimizaci\u00f3n&#8221; de los recursos, tiene implicaciones directas en la calidad de vida de los sectores m\u00e1s vulnerables de la poblaci\u00f3n y pone de manifiesto la intenci\u00f3n de reducir el rol del Estado en materia de bienestar.<\/p>\n\n\n\n<p>La disminuci\u00f3n de la asistencia social se enmarca en el objetivo central del plan econ\u00f3mico de la administraci\u00f3n actual: alcanzar el <strong>d\u00e9ficit cero<\/strong>. Para lograrlo, el Gobierno ha optado por un recorte del gasto en todas las \u00e1reas, incluyendo los programas de ayuda. El documento oficial sugiere que las reducciones no afectar\u00e1n a los beneficiarios de la <strong>Asignaci\u00f3n Universal por Hijo (AUH)<\/strong> y otras asignaciones familiares, pero s\u00ed impactar\u00e1n en programas de ayuda alimentaria, subsidios a la energ\u00eda y otros beneficios que no se consideran prioritarios. El foco, seg\u00fan el Ministerio de Econom\u00eda, estar\u00e1 en evitar la duplicaci\u00f3n de ayudas y en la lucha contra la intermediaci\u00f3n.<\/p>\n\n\n\n<p>Sin embargo, las cr\u00edticas no tardaron en aparecer. La oposici\u00f3n y diversas organizaciones sociales han expresado su preocupaci\u00f3n por la falta de un plan de contenci\u00f3n social ante los efectos de la recesi\u00f3n y la alta inflaci\u00f3n. &#8220;Reducir la asistencia en un contexto de ca\u00edda del poder de compra es una receta para agravar la pobreza y la desigualdad&#8221;, sostuvo un referente de una organizaci\u00f3n no gubernamental. La gran inc\u00f3gnita es c\u00f3mo el Gobierno planea compensar la falta de asistencia para esos 1.3 millones de personas.<\/p>\n\n\n\n<p>Expertos en pol\u00edticas sociales advierten que la reducci\u00f3n del gasto social puede tener un efecto contraproducente. Una mayor precarizaci\u00f3n de los sectores m\u00e1s vulnerables podr\u00eda derivar en un aumento de la conflictividad social, un factor que, a largo plazo, podr\u00eda afectar la estabilidad econ\u00f3mica. &#8220;El ajuste fiscal es necesario, pero debe ser gradual y sin sacrificar las necesidades b\u00e1sicas de la poblaci\u00f3n. La frialdad de los n\u00fameros del presupuesto no siempre refleja la realidad de las familias&#8221;, se\u00f1al\u00f3 un soci\u00f3logo especializado en pobreza.<\/p>\n\n\n\n<p>El debate en el Congreso se anticipa tenso. La oposici\u00f3n ya ha anunciado que presentar\u00e1 propuestas para modificar la asignaci\u00f3n de recursos y evitar recortes en \u00e1reas clave. El oficialismo, por su parte, deber\u00e1 negociar con los legisladores para que el proyecto sea aprobado y no pierda la esencia de su plan de ajuste. La discusi\u00f3n sobre el <strong>Presupuesto 2026<\/strong> no ser\u00e1 solo una cuesti\u00f3n de n\u00fameros, sino una batalla pol\u00edtica y social que definir\u00e1 el futuro del pa\u00eds.<\/p>\n\n\n\n<p>En conclusi\u00f3n, el <strong>Presupuesto 2026<\/strong> de la actual administraci\u00f3n marca un punto de inflexi\u00f3n en la pol\u00edtica social argentina. La reducci\u00f3n de la asistencia a 1.3 millones de personas es una apuesta arriesgada que podr\u00eda traer importantes consecuencias. El gobierno se enfrenta al desaf\u00edo de demostrar que su plan de ajuste es sostenible sin sacrificar a los sectores m\u00e1s vulnerables de la sociedad. El tiempo y la evoluci\u00f3n de los indicadores sociales dictar\u00e1n el veredicto sobre esta audaz estrategia fiscal.<\/p>\n","protected":false},"excerpt":{"rendered":"<p>El gobierno present\u00f3 los lineamientos generales del Presupuesto 2026, revelando una dr\u00e1stica reconfiguraci\u00f3n de la pol\u00edtica social que generar\u00e1 un profundo debate en el Congreso y en la sociedad. El documento oficial proyecta que la asistencia directa del Estado llegar\u00e1 a 22.5 millones de argentinos, una cifra que representa una reducci\u00f3n de 1.3 millones de [&hellip;]<\/p>\n","protected":false},"author":2,"featured_media":12079,"comment_status":"open","ping_status":"open","sticky":false,"template":"","format":"standard","meta":{"footnotes":""},"categories":[24],"tags":[],"class_list":{"0":"post-12075","1":"post","2":"type-post","3":"status-publish","4":"format-standard","5":"has-post-thumbnail","7":"category-economia"},"aioseo_notices":[],"_links":{"self":[{"href":"https:\/\/lalupa24.com.ar\/index.php\/wp-json\/wp\/v2\/posts\/12075","targetHints":{"allow":["GET"]}}],"collection":[{"href":"https:\/\/lalupa24.com.ar\/index.php\/wp-json\/wp\/v2\/posts"}],"about":[{"href":"https:\/\/lalupa24.com.ar\/index.php\/wp-json\/wp\/v2\/types\/post"}],"author":[{"embeddable":true,"href":"https:\/\/lalupa24.com.ar\/index.php\/wp-json\/wp\/v2\/users\/2"}],"replies":[{"embeddable":true,"href":"https:\/\/lalupa24.com.ar\/index.php\/wp-json\/wp\/v2\/comments?post=12075"}],"version-history":[{"count":1,"href":"https:\/\/lalupa24.com.ar\/index.php\/wp-json\/wp\/v2\/posts\/12075\/revisions"}],"predecessor-version":[{"id":12080,"href":"https:\/\/lalupa24.com.ar\/index.php\/wp-json\/wp\/v2\/posts\/12075\/revisions\/12080"}],"wp:featuredmedia":[{"embeddable":true,"href":"https:\/\/lalupa24.com.ar\/index.php\/wp-json\/wp\/v2\/media\/12079"}],"wp:attachment":[{"href":"https:\/\/lalupa24.com.ar\/index.php\/wp-json\/wp\/v2\/media?parent=12075"}],"wp:term":[{"taxonomy":"category","embeddable":true,"href":"https:\/\/lalupa24.com.ar\/index.php\/wp-json\/wp\/v2\/categories?post=12075"},{"taxonomy":"post_tag","embeddable":true,"href":"https:\/\/lalupa24.com.ar\/index.php\/wp-json\/wp\/v2\/tags?post=12075"}],"curies":[{"name":"wp","href":"https:\/\/api.w.org\/{rel}","templated":true}]}}