{"id":12081,"date":"2025-09-20T12:09:18","date_gmt":"2025-09-20T15:09:18","guid":{"rendered":"https:\/\/lalupa24.com.ar\/?p=12081"},"modified":"2025-09-20T12:09:19","modified_gmt":"2025-09-20T15:09:19","slug":"el-consumo-se-desploma-la-paradoja-de-los-precios-bajos-y-la-paralisis-en-el-mercado-de-electrodomesticos","status":"publish","type":"post","link":"https:\/\/lalupa24.com.ar\/index.php\/2025\/09\/20\/el-consumo-se-desploma-la-paradoja-de-los-precios-bajos-y-la-paralisis-en-el-mercado-de-electrodomesticos\/","title":{"rendered":"El consumo se desploma: La paradoja de los precios bajos y la par\u00e1lisis en el mercado de electrodom\u00e9sticos"},"content":{"rendered":"\n<p>El mercado de electrodom\u00e9sticos, tradicionalmente un term\u00f3metro del consumo en Argentina, ha entrado en una fase de par\u00e1lisis que preocupa a fabricantes y comerciantes. A pesar de una <strong>marcada ca\u00edda de precios<\/strong> en algunos art\u00edculos, impulsada por la menor demanda y la acumulaci\u00f3n de <em>stock<\/em>, las ventas no logran repuntar. Esta paradoja de la oferta y la demanda revela un problema m\u00e1s profundo: el deterioro del poder de compra y la falta de confianza del consumidor. El fen\u00f3meno se ha extendido a otros sectores, generando un escenario de recesi\u00f3n que afecta a toda la cadena productiva.<\/p>\n\n\n\n<p>La recesi\u00f3n econ\u00f3mica y la alta inflaci\u00f3n han licuado el salario de los argentinos, afectando directamente su capacidad de ahorro y su acceso al cr\u00e9dito. La compra de un electrodom\u00e9stico, que antes era una inversi\u00f3n planificada, se ha convertido en un lujo que muchas familias no pueden afrontar. Si bien los precios han bajado en t\u00e9rminos nominales en algunos casos, el poder adquisitivo ha ca\u00eddo en mayor medida, haciendo que incluso los productos en oferta sean inaccesibles para la mayor\u00eda.<\/p>\n\n\n\n<p>Seg\u00fan un informe de la <strong>C\u00e1mara Argentina de la Industria Electr\u00f3nica, Electromec\u00e1nica y Luminot\u00e9cnica (CADIEEL)<\/strong>, la producci\u00f3n y la venta de electrodom\u00e9sticos han ca\u00eddo un 30% en los \u00faltimos meses. &#8220;Es una situaci\u00f3n compleja. Tenemos la mercader\u00eda, tenemos los precios competitivos, pero la gente no compra. La prioridad es el alimento y la vivienda, no un nuevo televisor&#8221;, se\u00f1al\u00f3 un empresario del sector. La falta de demanda ha llevado a las empresas a recortar horas de producci\u00f3n y a suspender a sus empleados.<\/p>\n\n\n\n<p>La crisis del consumo no se limita a los electrodom\u00e9sticos. Sectores como el automotriz, la construcci\u00f3n y el textil tambi\u00e9n han manifestado una profunda ca\u00edda en las ventas. La p\u00e9rdida de poder de compra y la incertidumbre sobre el futuro econ\u00f3mico del pa\u00eds han llevado a las familias a ser extremadamente cautelosas con sus gastos, posponiendo las compras no esenciales y concentr\u00e1ndose en los bienes de primera necesidad.<\/p>\n\n\n\n<p>La contracci\u00f3n del consumo es uno de los principales obst\u00e1culos para la recuperaci\u00f3n econ\u00f3mica. Sin demanda, las empresas no invierten, no contratan personal y, en muchos casos, se ven obligadas a cerrar sus puertas. El c\u00edrculo vicioso de la recesi\u00f3n se profundiza, y la econom\u00eda se estanca. Los expertos se\u00f1alan que, para revertir esta tendencia, se necesita un plan integral que estimule el consumo, genere empleo y devuelva la confianza a los consumidores.<\/p>\n\n\n\n<p>La par\u00e1lisis en el mercado de electrodom\u00e9sticos es una se\u00f1al de alarma que el Gobierno no puede ignorar. M\u00e1s all\u00e1 de los n\u00fameros de la macroeconom\u00eda, la realidad se siente en los comercios vac\u00edos y en las f\u00e1bricas que trabajan a media m\u00e1quina. El desaf\u00edo es enorme, y la soluci\u00f3n requiere de un enfoque que vaya m\u00e1s all\u00e1 del ajuste fiscal y que ponga en el centro la recuperaci\u00f3n del poder adquisitivo de los argentinos. El consumo, m\u00e1s que una cifra, es el motor de la econom\u00eda.<\/p>\n","protected":false},"excerpt":{"rendered":"<p>El mercado de electrodom\u00e9sticos, tradicionalmente un term\u00f3metro del consumo en Argentina, ha entrado en una fase de par\u00e1lisis que preocupa a fabricantes y comerciantes. A pesar de una marcada ca\u00edda de precios en algunos art\u00edculos, impulsada por la menor demanda y la acumulaci\u00f3n de stock, las ventas no logran repuntar. Esta paradoja de la oferta [&hellip;]<\/p>\n","protected":false},"author":2,"featured_media":12078,"comment_status":"open","ping_status":"open","sticky":false,"template":"","format":"standard","meta":{"footnotes":""},"categories":[24],"tags":[],"class_list":{"0":"post-12081","1":"post","2":"type-post","3":"status-publish","4":"format-standard","5":"has-post-thumbnail","7":"category-economia"},"aioseo_notices":[],"_links":{"self":[{"href":"https:\/\/lalupa24.com.ar\/index.php\/wp-json\/wp\/v2\/posts\/12081","targetHints":{"allow":["GET"]}}],"collection":[{"href":"https:\/\/lalupa24.com.ar\/index.php\/wp-json\/wp\/v2\/posts"}],"about":[{"href":"https:\/\/lalupa24.com.ar\/index.php\/wp-json\/wp\/v2\/types\/post"}],"author":[{"embeddable":true,"href":"https:\/\/lalupa24.com.ar\/index.php\/wp-json\/wp\/v2\/users\/2"}],"replies":[{"embeddable":true,"href":"https:\/\/lalupa24.com.ar\/index.php\/wp-json\/wp\/v2\/comments?post=12081"}],"version-history":[{"count":1,"href":"https:\/\/lalupa24.com.ar\/index.php\/wp-json\/wp\/v2\/posts\/12081\/revisions"}],"predecessor-version":[{"id":12082,"href":"https:\/\/lalupa24.com.ar\/index.php\/wp-json\/wp\/v2\/posts\/12081\/revisions\/12082"}],"wp:featuredmedia":[{"embeddable":true,"href":"https:\/\/lalupa24.com.ar\/index.php\/wp-json\/wp\/v2\/media\/12078"}],"wp:attachment":[{"href":"https:\/\/lalupa24.com.ar\/index.php\/wp-json\/wp\/v2\/media?parent=12081"}],"wp:term":[{"taxonomy":"category","embeddable":true,"href":"https:\/\/lalupa24.com.ar\/index.php\/wp-json\/wp\/v2\/categories?post=12081"},{"taxonomy":"post_tag","embeddable":true,"href":"https:\/\/lalupa24.com.ar\/index.php\/wp-json\/wp\/v2\/tags?post=12081"}],"curies":[{"name":"wp","href":"https:\/\/api.w.org\/{rel}","templated":true}]}}