{"id":12135,"date":"2025-09-10T11:16:51","date_gmt":"2025-09-10T14:16:51","guid":{"rendered":"https:\/\/lalupa24.com.ar\/?p=12135"},"modified":"2025-09-22T11:18:48","modified_gmt":"2025-09-22T14:18:48","slug":"mes-de-la-juventud-las-palmas-fue-sede-del-inicio-de-actividades-recreo-soy-joven","status":"publish","type":"post","link":"https:\/\/lalupa24.com.ar\/index.php\/2025\/09\/10\/mes-de-la-juventud-las-palmas-fue-sede-del-inicio-de-actividades-recreo-soy-joven\/","title":{"rendered":"Mes de la juventud Las Palmas fue sede del inicio de actividades &#8220;Recreo soy joven&#8221;"},"content":{"rendered":"\n<p>A trav\u00e9s de la Subsecretar\u00eda de Juventud, dependiente del Ministerio de Desarrollo Humano, se lanz\u00f3 hoy oficialmente la agenda para celebrar el Mes de la Juventud. El puntapi\u00e9 inicial de las actividades fue un exitoso evento denominado \u201cRecreo Soy Joven&#8221;, que convoc\u00f3 a estudiantes de los \u00faltimos dos a\u00f1os del nivel secundario de La Leonesa y Las Palmas, en la plaza San Mart\u00edn de la localidad.<br><br>La jornada, pensada para los j\u00f3venes, estuvo cargada de juegos, sorteos, competencias, canciones, celebraci\u00f3n y trabajo en equipo. El evento tuvo como objetivo principal generar un espacio de encuentro y diversi\u00f3n, donde los estudiantes disfrutaron de una ma\u00f1ana diferente, con una propuesta que se adapta a sus intereses y necesidades.<br>Durante el encuentro, el Subsecretario de Juventud, Everest Jovanovich expres\u00f3: \u201cEstamos felices por el acompa\u00f1amiento de los j\u00f3venes que acompa\u00f1aron hoy en nuestra primera actividad de Recreo Soy Joven, \u00e9sta y las dem\u00e1s actividades pensadas para la juventud chaque\u00f1a en su mes, no solo buscan fomentar el trabajo en equipo y el compa\u00f1erismo sino tambi\u00e9n la conexi\u00f3n de nuestros j\u00f3venes entre ellos. \u201d.<\/p>\n\n\n\n<p>Las actividades de *&#8221;Recreo Soy Joven&#8221;* continuar\u00e1n a lo largo del mes de septiembre, llevando la propuesta a distintas localidades del Chaco. La pr\u00f3xima parada est\u00e1 programada para el pr\u00f3ximo *viernes 12 de septiembre* en la localidad de *Hermoso Campo,* donde el evento se desarrollar\u00e1 en el *Play\u00f3n Deportivo* desde las 9:30 hasta las 13:00 hs. Desde la subsecretar\u00eda de la Juventud agradecieron \u201cLa organizaci\u00f3n de este evento, que cont\u00f3 tambi\u00e9n con el acompa\u00f1amiento de Loter\u00eda Chaque\u00f1a\u201d.<\/p>\n","protected":false},"excerpt":{"rendered":"<p>A trav\u00e9s de la Subsecretar\u00eda de Juventud, dependiente del Ministerio de Desarrollo Humano, se lanz\u00f3 hoy oficialmente la agenda para celebrar el Mes de la Juventud. El puntapi\u00e9 inicial de las actividades fue un exitoso evento denominado \u201cRecreo Soy Joven&#8221;, que convoc\u00f3 a estudiantes de los \u00faltimos dos a\u00f1os del nivel secundario de La Leonesa [&hellip;]<\/p>\n","protected":false},"author":2,"featured_media":12136,"comment_status":"open","ping_status":"open","sticky":false,"template":"","format":"standard","meta":{"footnotes":""},"categories":[27],"tags":[],"class_list":{"0":"post-12135","1":"post","2":"type-post","3":"status-publish","4":"format-standard","5":"has-post-thumbnail","7":"category-interior"},"aioseo_notices":[],"_links":{"self":[{"href":"https:\/\/lalupa24.com.ar\/index.php\/wp-json\/wp\/v2\/posts\/12135","targetHints":{"allow":["GET"]}}],"collection":[{"href":"https:\/\/lalupa24.com.ar\/index.php\/wp-json\/wp\/v2\/posts"}],"about":[{"href":"https:\/\/lalupa24.com.ar\/index.php\/wp-json\/wp\/v2\/types\/post"}],"author":[{"embeddable":true,"href":"https:\/\/lalupa24.com.ar\/index.php\/wp-json\/wp\/v2\/users\/2"}],"replies":[{"embeddable":true,"href":"https:\/\/lalupa24.com.ar\/index.php\/wp-json\/wp\/v2\/comments?post=12135"}],"version-history":[{"count":1,"href":"https:\/\/lalupa24.com.ar\/index.php\/wp-json\/wp\/v2\/posts\/12135\/revisions"}],"predecessor-version":[{"id":12137,"href":"https:\/\/lalupa24.com.ar\/index.php\/wp-json\/wp\/v2\/posts\/12135\/revisions\/12137"}],"wp:featuredmedia":[{"embeddable":true,"href":"https:\/\/lalupa24.com.ar\/index.php\/wp-json\/wp\/v2\/media\/12136"}],"wp:attachment":[{"href":"https:\/\/lalupa24.com.ar\/index.php\/wp-json\/wp\/v2\/media?parent=12135"}],"wp:term":[{"taxonomy":"category","embeddable":true,"href":"https:\/\/lalupa24.com.ar\/index.php\/wp-json\/wp\/v2\/categories?post=12135"},{"taxonomy":"post_tag","embeddable":true,"href":"https:\/\/lalupa24.com.ar\/index.php\/wp-json\/wp\/v2\/tags?post=12135"}],"curies":[{"name":"wp","href":"https:\/\/api.w.org\/{rel}","templated":true}]}}