{"id":12172,"date":"2025-09-12T11:53:24","date_gmt":"2025-09-12T14:53:24","guid":{"rendered":"https:\/\/lalupa24.com.ar\/?p=12172"},"modified":"2025-09-22T12:03:12","modified_gmt":"2025-09-22T15:03:12","slug":"zdero-se-reunio-con-el-presidente-milei-en-buenos-aires","status":"publish","type":"post","link":"https:\/\/lalupa24.com.ar\/index.php\/2025\/09\/12\/zdero-se-reunio-con-el-presidente-milei-en-buenos-aires\/","title":{"rendered":"Zdero se reuni\u00f3 con el presidente Milei en Buenos Aires"},"content":{"rendered":"\n<p>Este viernes, en Buenos Aires, el gobernador Leandro Zdero mantuvo una reuni\u00f3n con el presidente Javier Milei, en la que se plantearon los principales desaf\u00edos econ\u00f3micos y financieros de la provincia, as\u00ed como la necesidad de impulsar proyectos estrat\u00e9gicos para acompa\u00f1ar el ordenamiento de las cuentas p\u00fablicas y el desarrollo de todos los chaque\u00f1os.<br><br>\u201cMe reun\u00ed con el presidente Javier Milei para plantear temas vinculados a la situaci\u00f3n econ\u00f3mica y financiera de la provincia, como as\u00ed tambi\u00e9n de proyectos que necesitamos para seguir ordenando y abrazar el crecimiento y el desarrollo de todos\u201d, expres\u00f3 Zdero tras el encuentro.<br>El mandatario chaque\u00f1o destac\u00f3 la importancia del di\u00e1logo institucional con el Gobierno nacional y subray\u00f3 que la provincia se encuentra trabajando de manera responsable en la administraci\u00f3n de los recursos, priorizando la salud, la educaci\u00f3n, la seguridad y la obra p\u00fablica. En ese sentido, remarc\u00f3 que \u201ccada gesti\u00f3n que realizamos en Buenos Aires tiene como objetivo traer respuestas concretas para mejorar la calidad de vida de los chaque\u00f1os y generar m\u00e1s oportunidades de desarrollo productivo y social\u201d.<\/p>\n\n\n\n<p>Durante la reuni\u00f3n, se avanz\u00f3 tambi\u00e9n en el logro del Segundo Acueducto, una obra que beneficiar\u00e1 a m\u00e1s de 600.000 chaque\u00f1os; y adem\u00e1s de articular acciones conjuntas y el acompa\u00f1amiento a los sectores productivos. \u201cEl camino es trabajar codo a codo, con responsabilidad y transparencia, porque los chaque\u00f1os necesitan que estemos unidos en el objetivo de sacar la provincia adelante\u201d, concluy\u00f3 el gobernador.<\/p>\n","protected":false},"excerpt":{"rendered":"<p>Este viernes, en Buenos Aires, el gobernador Leandro Zdero mantuvo una reuni\u00f3n con el presidente Javier Milei, en la que se plantearon los principales desaf\u00edos econ\u00f3micos y financieros de la provincia, as\u00ed como la necesidad de impulsar proyectos estrat\u00e9gicos para acompa\u00f1ar el ordenamiento de las cuentas p\u00fablicas y el desarrollo de todos los chaque\u00f1os. \u201cMe [&hellip;]<\/p>\n","protected":false},"author":2,"featured_media":12173,"comment_status":"open","ping_status":"open","sticky":false,"template":"","format":"standard","meta":{"footnotes":""},"categories":[28],"tags":[],"class_list":{"0":"post-12172","1":"post","2":"type-post","3":"status-publish","4":"format-standard","5":"has-post-thumbnail","7":"category-locales"},"aioseo_notices":[],"_links":{"self":[{"href":"https:\/\/lalupa24.com.ar\/index.php\/wp-json\/wp\/v2\/posts\/12172","targetHints":{"allow":["GET"]}}],"collection":[{"href":"https:\/\/lalupa24.com.ar\/index.php\/wp-json\/wp\/v2\/posts"}],"about":[{"href":"https:\/\/lalupa24.com.ar\/index.php\/wp-json\/wp\/v2\/types\/post"}],"author":[{"embeddable":true,"href":"https:\/\/lalupa24.com.ar\/index.php\/wp-json\/wp\/v2\/users\/2"}],"replies":[{"embeddable":true,"href":"https:\/\/lalupa24.com.ar\/index.php\/wp-json\/wp\/v2\/comments?post=12172"}],"version-history":[{"count":1,"href":"https:\/\/lalupa24.com.ar\/index.php\/wp-json\/wp\/v2\/posts\/12172\/revisions"}],"predecessor-version":[{"id":12174,"href":"https:\/\/lalupa24.com.ar\/index.php\/wp-json\/wp\/v2\/posts\/12172\/revisions\/12174"}],"wp:featuredmedia":[{"embeddable":true,"href":"https:\/\/lalupa24.com.ar\/index.php\/wp-json\/wp\/v2\/media\/12173"}],"wp:attachment":[{"href":"https:\/\/lalupa24.com.ar\/index.php\/wp-json\/wp\/v2\/media?parent=12172"}],"wp:term":[{"taxonomy":"category","embeddable":true,"href":"https:\/\/lalupa24.com.ar\/index.php\/wp-json\/wp\/v2\/categories?post=12172"},{"taxonomy":"post_tag","embeddable":true,"href":"https:\/\/lalupa24.com.ar\/index.php\/wp-json\/wp\/v2\/tags?post=12172"}],"curies":[{"name":"wp","href":"https:\/\/api.w.org\/{rel}","templated":true}]}}