{"id":12182,"date":"2025-09-22T12:11:32","date_gmt":"2025-09-22T15:11:32","guid":{"rendered":"https:\/\/lalupa24.com.ar\/?p=12182"},"modified":"2025-09-22T12:11:33","modified_gmt":"2025-09-22T15:11:33","slug":"gobierno-suspende-retenciones-a-granos-con-un-decreto-pero-la-oposicion-lo-tilda-de-oportunista-y-electoral","status":"publish","type":"post","link":"https:\/\/lalupa24.com.ar\/index.php\/2025\/09\/22\/gobierno-suspende-retenciones-a-granos-con-un-decreto-pero-la-oposicion-lo-tilda-de-oportunista-y-electoral\/","title":{"rendered":"Gobierno suspende retenciones a granos con un decreto, pero la oposici\u00f3n lo tilda de &#8220;oportunista y electoral&#8221;"},"content":{"rendered":"\n<p>El Gobierno nacional oficializ\u00f3 la suspensi\u00f3n temporal de las retenciones a las exportaciones de granos, una medida que busca dinamizar el ingreso de divisas y aliviar la presi\u00f3n sobre el tipo de cambio en un contexto de incertidumbre econ\u00f3mica. La decisi\u00f3n, instrumentada a trav\u00e9s de un decreto publicado en el Bolet\u00edn Oficial, establece la al\u00edcuota en 0% para las exportaciones de trigo, ma\u00edz, sorgo y girasol hasta el 31 de octubre de 2025. La medida, que se esperaba con gran inter\u00e9s en el sector agropecuario, gener\u00f3 una inmediata reacci\u00f3n de la dirigencia pol\u00edtica, con opiniones divididas sobre su verdadero alcance y prop\u00f3sito.<\/p>\n\n\n\n<p>La iniciativa gubernamental, si bien celebra por las c\u00e1maras agroindustriales, no estuvo exenta de cr\u00edticas por parte de figuras de la oposici\u00f3n. Miguel \u00c1ngel Pichetto, referente de un sector de la pol\u00edtica, calific\u00f3 la suspensi\u00f3n de las retenciones como una &#8220;medida oportunista y electoral&#8221;, sosteniendo que responde m\u00e1s a la necesidad de recaudar d\u00f3lares para contener la volatilidad del mercado que a una genuina pol\u00edtica de largo plazo para el campo. En esa l\u00ednea, diversas voces pol\u00edticas y econ\u00f3micas han se\u00f1alado que la transitoriedad de la medida no brinda la previsibilidad que el sector agropecuario reclama desde hace a\u00f1os.<\/p>\n\n\n\n<p>El decreto, que lleva la firma del presidente y su gabinete econ\u00f3mico, tiene como objetivo principal incentivar la liquidaci\u00f3n de granos de la cosecha gruesa, que los productores a\u00fan retienen a la espera de mejores condiciones de mercado. Seg\u00fan estimaciones del Ministerio de Econom\u00eda, la medida podr\u00eda generar un ingreso de divisas superior a los 7.000 millones de d\u00f3lares en el corto plazo, una inyecci\u00f3n crucial para las reservas del Banco Central y para disipar la presi\u00f3n alcista sobre el d\u00f3lar. Sin embargo, la efectividad real depender\u00e1 de la respuesta de los productores, quienes han expresado su cautela ante la falta de una pol\u00edtica fiscal m\u00e1s estable.<\/p>\n\n\n\n<p>La historia reciente del pa\u00eds est\u00e1 marcada por la conflictiva relaci\u00f3n entre el gobierno y el sector agropecuario en torno a los derechos de exportaci\u00f3n. Desde la crisis de la Resoluci\u00f3n 125 en 2008 hasta las sucesivas modificaciones de las al\u00edcuotas, las retenciones han sido un tema central en la agenda pol\u00edtica y econ\u00f3mica. En este contexto, la decisi\u00f3n de reducir a cero este gravamen, aunque sea de forma temporal, marca un precedente, pero tambi\u00e9n genera dudas sobre la posibilidad de una eliminaci\u00f3n definitiva, un reclamo hist\u00f3rico del campo.<\/p>\n\n\n\n<p>Expertos en el sector agroindustrial se\u00f1alan que, si bien la eliminaci\u00f3n de las retenciones es una noticia positiva, la ventana de oportunidad es limitada y no resuelve los problemas estructurales del sector. La falta de acceso a financiamiento, la alta presi\u00f3n impositiva en otros eslabones de la cadena de valor y la incertidumbre macroecon\u00f3mica siguen siendo factores que inciden en la toma de decisiones de los productores. La medida, por s\u00ed sola, no garantiza la reactivaci\u00f3n de las exportaciones a largo plazo si no se complementa con pol\u00edticas que fomenten la inversi\u00f3n y la productividad.<\/p>\n\n\n\n<p>El futuro de las retenciones parece estar ligado al desenlace pol\u00edtico de los pr\u00f3ximos meses. Si bien la medida busca un efecto inmediato en las cuentas p\u00fablicas, la cr\u00edtica de la oposici\u00f3n y el propio sector agropecuario pone de relieve la fragilidad de las decisiones de coyuntura. La posibilidad de una reducci\u00f3n permanente o la reinstauraci\u00f3n del gravamen despu\u00e9s del 31 de octubre depender\u00e1 no solo del desempe\u00f1o econ\u00f3mico, sino tambi\u00e9n de las alianzas pol\u00edticas y los consensos que el Gobierno logre construir en un escenario de minor\u00eda parlamentaria.<\/p>\n","protected":false},"excerpt":{"rendered":"<p>El Gobierno nacional oficializ\u00f3 la suspensi\u00f3n temporal de las retenciones a las exportaciones de granos, una medida que busca dinamizar el ingreso de divisas y aliviar la presi\u00f3n sobre el tipo de cambio en un contexto de incertidumbre econ\u00f3mica. La decisi\u00f3n, instrumentada a trav\u00e9s de un decreto publicado en el Bolet\u00edn Oficial, establece la al\u00edcuota [&hellip;]<\/p>\n","protected":false},"author":2,"featured_media":12191,"comment_status":"open","ping_status":"open","sticky":false,"template":"","format":"standard","meta":{"footnotes":""},"categories":[26],"tags":[],"class_list":{"0":"post-12182","1":"post","2":"type-post","3":"status-publish","4":"format-standard","5":"has-post-thumbnail","7":"category-nacionales"},"aioseo_notices":[],"_links":{"self":[{"href":"https:\/\/lalupa24.com.ar\/index.php\/wp-json\/wp\/v2\/posts\/12182","targetHints":{"allow":["GET"]}}],"collection":[{"href":"https:\/\/lalupa24.com.ar\/index.php\/wp-json\/wp\/v2\/posts"}],"about":[{"href":"https:\/\/lalupa24.com.ar\/index.php\/wp-json\/wp\/v2\/types\/post"}],"author":[{"embeddable":true,"href":"https:\/\/lalupa24.com.ar\/index.php\/wp-json\/wp\/v2\/users\/2"}],"replies":[{"embeddable":true,"href":"https:\/\/lalupa24.com.ar\/index.php\/wp-json\/wp\/v2\/comments?post=12182"}],"version-history":[{"count":1,"href":"https:\/\/lalupa24.com.ar\/index.php\/wp-json\/wp\/v2\/posts\/12182\/revisions"}],"predecessor-version":[{"id":12194,"href":"https:\/\/lalupa24.com.ar\/index.php\/wp-json\/wp\/v2\/posts\/12182\/revisions\/12194"}],"wp:featuredmedia":[{"embeddable":true,"href":"https:\/\/lalupa24.com.ar\/index.php\/wp-json\/wp\/v2\/media\/12191"}],"wp:attachment":[{"href":"https:\/\/lalupa24.com.ar\/index.php\/wp-json\/wp\/v2\/media?parent=12182"}],"wp:term":[{"taxonomy":"category","embeddable":true,"href":"https:\/\/lalupa24.com.ar\/index.php\/wp-json\/wp\/v2\/categories?post=12182"},{"taxonomy":"post_tag","embeddable":true,"href":"https:\/\/lalupa24.com.ar\/index.php\/wp-json\/wp\/v2\/tags?post=12182"}],"curies":[{"name":"wp","href":"https:\/\/api.w.org\/{rel}","templated":true}]}}