{"id":12203,"date":"2025-09-22T12:15:08","date_gmt":"2025-09-22T15:15:08","guid":{"rendered":"https:\/\/lalupa24.com.ar\/?p=12203"},"modified":"2025-09-22T12:15:10","modified_gmt":"2025-09-22T15:15:10","slug":"la-incertidumbre-el-peor-enemigo-de-la-economia-y-la-politica-segun-javier-milei","status":"publish","type":"post","link":"https:\/\/lalupa24.com.ar\/index.php\/2025\/09\/22\/la-incertidumbre-el-peor-enemigo-de-la-economia-y-la-politica-segun-javier-milei\/","title":{"rendered":"La incertidumbre, el peor enemigo de la econom\u00eda y la pol\u00edtica, seg\u00fan Javier Milei"},"content":{"rendered":"\n<p>En un reciente encuentro con empresarios y l\u00edderes de opini\u00f3n, el presidente Javier Milei, ha reiterado una de las premisas centrales de su visi\u00f3n pol\u00edtica y econ\u00f3mica: la <strong>incertidumbre<\/strong> es el principal obst\u00e1culo para el crecimiento y la estabilidad. Seg\u00fan el mandatario, el clima de indefinici\u00f3n, tanto en el \u00e1mbito pol\u00edtico como en el econ\u00f3mico, es el peor enemigo del pa\u00eds, ya que frena la inversi\u00f3n, desalienta el ahorro y limita la capacidad de los ciudadanos para planificar su futuro.<\/p>\n\n\n\n<p>Esta visi\u00f3n no es nueva en su discurso, pero su reiteraci\u00f3n subraya la preocupaci\u00f3n del Gobierno por un fen\u00f3meno que considera sist\u00e9mico en Argentina. Para Milei, los vaivenes de las decisiones pol\u00edticas, los constantes cambios en las reglas de juego y la falta de previsibilidad en las pol\u00edticas p\u00fablicas han generado un entorno en el que es casi imposible para los agentes econ\u00f3micos tomar decisiones a largo plazo.<\/p>\n\n\n\n<p>Seg\u00fan un an\u00e1lisis del Ministerio de Econom\u00eda, la incertidumbre se manifiesta en la alta volatilidad del d\u00f3lar, la inflaci\u00f3n persistente y la fuga de capitales. Estos fen\u00f3menos, que afectan la vida cotidiana de los argentinos, no son solo s\u00edntomas, sino tambi\u00e9n causas de la falta de crecimiento. Para el Gobierno, la lucha contra este flagelo es tan importante como la reducci\u00f3n del d\u00e9ficit fiscal, pues sin un entorno de previsibilidad, las reformas econ\u00f3micas no pueden consolidarse.<\/p>\n\n\n\n<p>La estrategia del gobierno libertario para combatir la incertidumbre se centra en la aplicaci\u00f3n de un programa de <strong>ajuste fiscal severo<\/strong>, la <strong>desregulaci\u00f3n de la econom\u00eda<\/strong> y la <strong>promoci\u00f3n de un marco de libre mercado<\/strong>. La idea es enviar se\u00f1ales claras de que el Estado dejar\u00e1 de ser un factor de distorsi\u00f3n y que las reglas de juego ser\u00e1n estables. Sin embargo, este camino no ha estado exento de obst\u00e1culos, como la resistencia de diversos sectores sociales y pol\u00edticos a las medidas de reforma.<\/p>\n\n\n\n<p>En el \u00e1mbito pol\u00edtico, el Gobierno tambi\u00e9n enfrenta el desaf\u00edo de la incertidumbre, especialmente en un contexto de minor\u00eda parlamentaria. La necesidad de negociar con la oposici\u00f3n para aprobar leyes clave, como el presupuesto y las reformas estructurales, crea un escenario de constante negociaci\u00f3n que, para Milei, contribuye a la falta de previsibilidad que tanto critica. La reciente pausa en la campa\u00f1a de La Libertad Avanza, el partido del presidente, se interpreta como parte de una estrategia para fortalecer su armado provincial y reducir la incertidumbre interna.<\/p>\n\n\n\n<p>A futuro, la capacidad del Gobierno para generar certidumbre ser\u00e1 clave para el \u00e9xito de su gesti\u00f3n. Si logra establecer un marco de previsibilidad econ\u00f3mica y pol\u00edtica, podr\u00eda atraer las inversiones necesarias para el crecimiento sostenido. Por el contrario, si la incertidumbre persiste, el pa\u00eds podr\u00eda seguir atrapado en un ciclo de inestabilidad, frenando cualquier intento de recuperaci\u00f3n. La lucha de Milei contra este &#8220;peor enemigo&#8221; definir\u00e1, en gran medida, el rumbo de Argentina en los pr\u00f3ximos a\u00f1os.<\/p>\n","protected":false},"excerpt":{"rendered":"<p>En un reciente encuentro con empresarios y l\u00edderes de opini\u00f3n, el presidente Javier Milei, ha reiterado una de las premisas centrales de su visi\u00f3n pol\u00edtica y econ\u00f3mica: la incertidumbre es el principal obst\u00e1culo para el crecimiento y la estabilidad. Seg\u00fan el mandatario, el clima de indefinici\u00f3n, tanto en el \u00e1mbito pol\u00edtico como en el econ\u00f3mico, [&hellip;]<\/p>\n","protected":false},"author":2,"featured_media":12186,"comment_status":"open","ping_status":"open","sticky":false,"template":"","format":"standard","meta":{"footnotes":""},"categories":[26],"tags":[],"class_list":{"0":"post-12203","1":"post","2":"type-post","3":"status-publish","4":"format-standard","5":"has-post-thumbnail","7":"category-nacionales"},"aioseo_notices":[],"_links":{"self":[{"href":"https:\/\/lalupa24.com.ar\/index.php\/wp-json\/wp\/v2\/posts\/12203","targetHints":{"allow":["GET"]}}],"collection":[{"href":"https:\/\/lalupa24.com.ar\/index.php\/wp-json\/wp\/v2\/posts"}],"about":[{"href":"https:\/\/lalupa24.com.ar\/index.php\/wp-json\/wp\/v2\/types\/post"}],"author":[{"embeddable":true,"href":"https:\/\/lalupa24.com.ar\/index.php\/wp-json\/wp\/v2\/users\/2"}],"replies":[{"embeddable":true,"href":"https:\/\/lalupa24.com.ar\/index.php\/wp-json\/wp\/v2\/comments?post=12203"}],"version-history":[{"count":1,"href":"https:\/\/lalupa24.com.ar\/index.php\/wp-json\/wp\/v2\/posts\/12203\/revisions"}],"predecessor-version":[{"id":12206,"href":"https:\/\/lalupa24.com.ar\/index.php\/wp-json\/wp\/v2\/posts\/12203\/revisions\/12206"}],"wp:featuredmedia":[{"embeddable":true,"href":"https:\/\/lalupa24.com.ar\/index.php\/wp-json\/wp\/v2\/media\/12186"}],"wp:attachment":[{"href":"https:\/\/lalupa24.com.ar\/index.php\/wp-json\/wp\/v2\/media?parent=12203"}],"wp:term":[{"taxonomy":"category","embeddable":true,"href":"https:\/\/lalupa24.com.ar\/index.php\/wp-json\/wp\/v2\/categories?post=12203"},{"taxonomy":"post_tag","embeddable":true,"href":"https:\/\/lalupa24.com.ar\/index.php\/wp-json\/wp\/v2\/tags?post=12203"}],"curies":[{"name":"wp","href":"https:\/\/api.w.org\/{rel}","templated":true}]}}