{"id":12209,"date":"2025-09-22T12:16:58","date_gmt":"2025-09-22T15:16:58","guid":{"rendered":"https:\/\/lalupa24.com.ar\/?p=12209"},"modified":"2025-09-22T12:16:59","modified_gmt":"2025-09-22T15:16:59","slug":"el-oficialismo-pausa-su-campana-la-libertad-avanza-refuerza-sus-bases-provinciales-mientras-el-presidente-viaja","status":"publish","type":"post","link":"https:\/\/lalupa24.com.ar\/index.php\/2025\/09\/22\/el-oficialismo-pausa-su-campana-la-libertad-avanza-refuerza-sus-bases-provinciales-mientras-el-presidente-viaja\/","title":{"rendered":"El oficialismo pausa su campa\u00f1a: La Libertad Avanza refuerza sus bases provinciales mientras el Presidente viaja"},"content":{"rendered":"\n<p>La Libertad Avanza (LLA), el partido del presidente Javier Milei, ha decidido poner en pausa su actividad de campa\u00f1a en el \u00c1rea Metropolitana de Buenos Aires (AMBA) para focalizar sus esfuerzos en el interior del pa\u00eds. Esta decisi\u00f3n estrat\u00e9gica coincide con el viaje del presidente a Estados Unidos para una serie de encuentros bilaterales. La jugada pol\u00edtica busca consolidar la estructura del partido en las provincias, donde la presencia y el armado territorial a\u00fan enfrentan desaf\u00edos significativos, de cara a un futuro en el que el Gobierno necesitar\u00e1 mayor apoyo para sus reformas.<\/p>\n\n\n\n<p>El movimiento de campa\u00f1a hacia las provincias se interpreta como un reconocimiento de la necesidad de fortalecer el arraigo del partido fuera de los grandes centros urbanos. A pesar del contundente triunfo de Milei en las \u00faltimas elecciones, la estructura de LLA es a\u00fan incipiente en muchas jurisdicciones, lo que ha generado dificultades para la gesti\u00f3n y para la promoci\u00f3n de la agenda legislativa del Gobierno. Este nuevo enfoque territorial busca subsanar esas debilidades.<\/p>\n\n\n\n<p>Seg\u00fan fuentes cercanas al partido, la estrategia apunta a consolidar los &#8220;armados&#8221; provinciales y a coordinar la militancia de base en cada distrito. La ausencia del presidente en el pa\u00eds no ha sido vista como un obst\u00e1culo, sino como una oportunidad para que los referentes locales tomen mayor protagonismo y se conecten de manera m\u00e1s directa con los votantes y los cuadros pol\u00edticos de cada regi\u00f3n.<\/p>\n\n\n\n<p>El contexto pol\u00edtico de Argentina es clave para entender la decisi\u00f3n de LLA. Con una minor\u00eda en el Congreso, el Gobierno necesita construir consensos y alianzas con los gobernadores y las fuerzas pol\u00edticas provinciales para poder avanzar en su agenda de reformas. Fortalecer el partido en el interior no es solo una estrategia electoral, sino tambi\u00e9n una herramienta para generar un mayor respaldo pol\u00edtico y legislativo en un escenario de constante negociaci\u00f3n y di\u00e1logo.<\/p>\n\n\n\n<p>La apuesta de LLA es audaz: si logra construir una base s\u00f3lida en el interior del pa\u00eds, podr\u00e1 ejercer mayor presi\u00f3n sobre los legisladores y los gobernadores para que apoyen sus proyectos. En este sentido, la campa\u00f1a se ha transformado en un trabajo de hormiga, enfocado en sumar adhesiones y en generar los cimientos de una fuerza pol\u00edtica que aspira a ser un actor protag\u00f3nico en el mediano y largo plazo.<\/p>\n\n\n\n<p>El futuro de La Libertad Avanza depender\u00e1, en gran medida, del \u00e9xito de esta estrategia. Si logra consolidarse en las provincias, podr\u00eda convertirse en un partido federal con una red de apoyo m\u00e1s amplia y menos dependiente de la figura del presidente. Por el contrario, si el esfuerzo no rinde los frutos esperados, el partido podr\u00eda seguir enfrentando los mismos desaf\u00edos de representaci\u00f3n y gobernabilidad, lo que dejar\u00eda la agenda del Gobierno en una situaci\u00f3n de mayor fragilidad.<\/p>\n","protected":false},"excerpt":{"rendered":"<p>La Libertad Avanza (LLA), el partido del presidente Javier Milei, ha decidido poner en pausa su actividad de campa\u00f1a en el \u00c1rea Metropolitana de Buenos Aires (AMBA) para focalizar sus esfuerzos en el interior del pa\u00eds. Esta decisi\u00f3n estrat\u00e9gica coincide con el viaje del presidente a Estados Unidos para una serie de encuentros bilaterales. La [&hellip;]<\/p>\n","protected":false},"author":2,"featured_media":12185,"comment_status":"open","ping_status":"open","sticky":false,"template":"","format":"standard","meta":{"footnotes":""},"categories":[26],"tags":[],"class_list":{"0":"post-12209","1":"post","2":"type-post","3":"status-publish","4":"format-standard","5":"has-post-thumbnail","7":"category-nacionales"},"aioseo_notices":[],"_links":{"self":[{"href":"https:\/\/lalupa24.com.ar\/index.php\/wp-json\/wp\/v2\/posts\/12209","targetHints":{"allow":["GET"]}}],"collection":[{"href":"https:\/\/lalupa24.com.ar\/index.php\/wp-json\/wp\/v2\/posts"}],"about":[{"href":"https:\/\/lalupa24.com.ar\/index.php\/wp-json\/wp\/v2\/types\/post"}],"author":[{"embeddable":true,"href":"https:\/\/lalupa24.com.ar\/index.php\/wp-json\/wp\/v2\/users\/2"}],"replies":[{"embeddable":true,"href":"https:\/\/lalupa24.com.ar\/index.php\/wp-json\/wp\/v2\/comments?post=12209"}],"version-history":[{"count":1,"href":"https:\/\/lalupa24.com.ar\/index.php\/wp-json\/wp\/v2\/posts\/12209\/revisions"}],"predecessor-version":[{"id":12210,"href":"https:\/\/lalupa24.com.ar\/index.php\/wp-json\/wp\/v2\/posts\/12209\/revisions\/12210"}],"wp:featuredmedia":[{"embeddable":true,"href":"https:\/\/lalupa24.com.ar\/index.php\/wp-json\/wp\/v2\/media\/12185"}],"wp:attachment":[{"href":"https:\/\/lalupa24.com.ar\/index.php\/wp-json\/wp\/v2\/media?parent=12209"}],"wp:term":[{"taxonomy":"category","embeddable":true,"href":"https:\/\/lalupa24.com.ar\/index.php\/wp-json\/wp\/v2\/categories?post=12209"},{"taxonomy":"post_tag","embeddable":true,"href":"https:\/\/lalupa24.com.ar\/index.php\/wp-json\/wp\/v2\/tags?post=12209"}],"curies":[{"name":"wp","href":"https:\/\/api.w.org\/{rel}","templated":true}]}}