{"id":12213,"date":"2025-09-22T12:18:01","date_gmt":"2025-09-22T15:18:01","guid":{"rendered":"https:\/\/lalupa24.com.ar\/?p=12213"},"modified":"2025-09-22T12:18:03","modified_gmt":"2025-09-22T15:18:03","slug":"christian-horner-el-hombre-mas-poderoso-de-la-formula-1-es-despedido-de-red-bull-con-una-millonaria-indemnizacion","status":"publish","type":"post","link":"https:\/\/lalupa24.com.ar\/index.php\/2025\/09\/22\/christian-horner-el-hombre-mas-poderoso-de-la-formula-1-es-despedido-de-red-bull-con-una-millonaria-indemnizacion\/","title":{"rendered":"Christian Horner, el hombre m\u00e1s poderoso de la F\u00f3rmula 1, es despedido de Red Bull con una millonaria indemnizaci\u00f3n"},"content":{"rendered":"\n<p>En una de las decisiones m\u00e1s impactantes en la historia reciente de la F\u00f3rmula 1, <strong>Christian Horner<\/strong>, el jefe de equipo de <strong>Red Bull<\/strong>, ha sido despedido de la escuder\u00eda. La noticia, que sacude al mundo del automovilismo, pone fin a una era de 19 a\u00f1os en la que Horner condujo a la escuder\u00eda a m\u00faltiples campeonatos mundiales, consolid\u00e1ndola como una de las potencias dominantes de la categor\u00eda. La decisi\u00f3n, que se ven\u00eda gestando desde hace meses, pone de manifiesto las fuertes internas de poder que convulsionan a la escuder\u00eda.<\/p>\n\n\n\n<p>La confirmaci\u00f3n del despido, que lleg\u00f3 de la mano de un comunicado oficial de la escuder\u00eda, se produce en medio de un esc\u00e1ndalo que involucra a Horner en una denuncia por \u201cconducta inapropiada\u201d. Si bien la investigaci\u00f3n interna lo hab\u00eda exculpado en un principio, las presiones externas, sumadas a la filtraci\u00f3n de supuestas evidencias, llevaron a una escalada del conflicto que termin\u00f3 con su salida.<\/p>\n\n\n\n<p>El origen de la crisis de Horner se remonta a una denuncia interna realizada por una empleada del equipo. Aunque la escuder\u00eda contrat\u00f3 a un abogado independiente para investigar el caso, y este determin\u00f3 que no exist\u00eda m\u00e9rito para sancionar al directivo, las presiones por parte de figuras de la c\u00fapula de Red Bull, sumadas a los cuestionamientos del padre de Max Verstappen, Jos Verstappen, y al inter\u00e9s de los medios, hicieron que la situaci\u00f3n se volviera insostenible.<\/p>\n\n\n\n<p>El despido de Horner no es un simple cambio de director. Es la culminaci\u00f3n de una guerra de poder entre los clanes que manejan la escuder\u00eda, con el grupo tailand\u00e9s, accionista mayoritario de la empresa, apoyando a Horner y la facci\u00f3n austr\u00edaca, con <strong>Helmut Marko<\/strong> a la cabeza, buscando su salida. Horner, una figura clave en la historia reciente de Red Bull, deja el equipo con una millonaria indemnizaci\u00f3n que asciende a los 50 millones de d\u00f3lares.<\/p>\n\n\n\n<p>La salida del hombre que llev\u00f3 a <strong>Sebastian Vettel<\/strong> y <strong>Max Verstappen<\/strong> a la gloria no solo afecta a la escuder\u00eda, sino que tambi\u00e9n puede tener un impacto significativo en el futuro de la categor\u00eda. La incertidumbre sobre el liderazgo de Red Bull podr\u00eda afectar el rendimiento del equipo, y no se descarta que figuras clave, como el propio Verstappen o el dise\u00f1ador <strong>Adrian Newey<\/strong>, analicen sus opciones de futuro.<\/p>\n\n\n\n<p>El futuro de Red Bull, y en gran medida el de la F\u00f3rmula 1, se encuentra en una encrucijada. La salida de Horner, un l\u00edder con una visi\u00f3n clara y un historial de \u00e9xito, deja un vac\u00edo de poder que la escuder\u00eda deber\u00e1 llenar con rapidez. La elecci\u00f3n de su sucesor, y la forma en que se resuelvan las internas, determinar\u00e1 si Red Bull puede mantener su posici\u00f3n dominante o si este despido marca el comienzo de una nueva era de inestabilidad para el equipo.<\/p>\n","protected":false},"excerpt":{"rendered":"<p>En una de las decisiones m\u00e1s impactantes en la historia reciente de la F\u00f3rmula 1, Christian Horner, el jefe de equipo de Red Bull, ha sido despedido de la escuder\u00eda. La noticia, que sacude al mundo del automovilismo, pone fin a una era de 19 a\u00f1os en la que Horner condujo a la escuder\u00eda a [&hellip;]<\/p>\n","protected":false},"author":2,"featured_media":12183,"comment_status":"open","ping_status":"open","sticky":false,"template":"","format":"standard","meta":{"footnotes":""},"categories":[100],"tags":[],"class_list":{"0":"post-12213","1":"post","2":"type-post","3":"status-publish","4":"format-standard","5":"has-post-thumbnail","7":"category-deportes"},"aioseo_notices":[],"_links":{"self":[{"href":"https:\/\/lalupa24.com.ar\/index.php\/wp-json\/wp\/v2\/posts\/12213","targetHints":{"allow":["GET"]}}],"collection":[{"href":"https:\/\/lalupa24.com.ar\/index.php\/wp-json\/wp\/v2\/posts"}],"about":[{"href":"https:\/\/lalupa24.com.ar\/index.php\/wp-json\/wp\/v2\/types\/post"}],"author":[{"embeddable":true,"href":"https:\/\/lalupa24.com.ar\/index.php\/wp-json\/wp\/v2\/users\/2"}],"replies":[{"embeddable":true,"href":"https:\/\/lalupa24.com.ar\/index.php\/wp-json\/wp\/v2\/comments?post=12213"}],"version-history":[{"count":1,"href":"https:\/\/lalupa24.com.ar\/index.php\/wp-json\/wp\/v2\/posts\/12213\/revisions"}],"predecessor-version":[{"id":12214,"href":"https:\/\/lalupa24.com.ar\/index.php\/wp-json\/wp\/v2\/posts\/12213\/revisions\/12214"}],"wp:featuredmedia":[{"embeddable":true,"href":"https:\/\/lalupa24.com.ar\/index.php\/wp-json\/wp\/v2\/media\/12183"}],"wp:attachment":[{"href":"https:\/\/lalupa24.com.ar\/index.php\/wp-json\/wp\/v2\/media?parent=12213"}],"wp:term":[{"taxonomy":"category","embeddable":true,"href":"https:\/\/lalupa24.com.ar\/index.php\/wp-json\/wp\/v2\/categories?post=12213"},{"taxonomy":"post_tag","embeddable":true,"href":"https:\/\/lalupa24.com.ar\/index.php\/wp-json\/wp\/v2\/tags?post=12213"}],"curies":[{"name":"wp","href":"https:\/\/api.w.org\/{rel}","templated":true}]}}