{"id":12215,"date":"2025-09-22T12:23:58","date_gmt":"2025-09-22T15:23:58","guid":{"rendered":"https:\/\/lalupa24.com.ar\/?p=12215"},"modified":"2025-09-22T12:24:00","modified_gmt":"2025-09-22T15:24:00","slug":"el-gobierno-argentino-denuncia-la-desaparicion-del-gendarme-nahuel-gallo-ante-la-onu-en-el-marco-de-la-crisis-de-derechos-humanos-en-venezuela","status":"publish","type":"post","link":"https:\/\/lalupa24.com.ar\/index.php\/2025\/09\/22\/el-gobierno-argentino-denuncia-la-desaparicion-del-gendarme-nahuel-gallo-ante-la-onu-en-el-marco-de-la-crisis-de-derechos-humanos-en-venezuela\/","title":{"rendered":"El Gobierno argentino denuncia la desaparici\u00f3n del gendarme Nahuel Gallo ante la ONU en el marco de la crisis de derechos humanos en Venezuela"},"content":{"rendered":"\n<p>El Gobierno argentino ha dado un paso significativo al sumar el caso del gendarme argentino <strong>Nahuel Gallo<\/strong> al informe de la <strong>Organizaci\u00f3n de las Naciones Unidas (ONU)<\/strong> que documenta las graves violaciones a los derechos humanos en Venezuela. La medida, que ha sido recibida con firmeza por el gobierno de Nicol\u00e1s Maduro, representa un quiebre en la tradicional pol\u00edtica exterior de Argentina y busca visibilizar un caso emblem\u00e1tico de desaparici\u00f3n forzada en el contexto de la represi\u00f3n del r\u00e9gimen venezolano.<\/p>\n\n\n\n<p>Nahuel Gallo, un joven gendarme oriundo de la provincia de Misiones, se encontraba de misi\u00f3n en Venezuela en el marco de una operaci\u00f3n de inteligencia cuando fue visto por \u00faltima vez hace tres meses. Fuentes de la Canciller\u00eda argentina confirmaron que el gobierno del pa\u00eds sudamericano ha hecho las gestiones correspondientes ante la ONU, con el objetivo de que su desaparici\u00f3n se incluya en el informe que eval\u00faa la situaci\u00f3n de derechos humanos en el pa\u00eds caribe\u00f1o. Esta acci\u00f3n diplom\u00e1tica es parte de una ofensiva m\u00e1s amplia del gobierno de Javier Milei contra el r\u00e9gimen de Maduro.<\/p>\n\n\n\n<p>La denuncia ante la ONU marca un punto de inflexi\u00f3n en la relaci\u00f3n entre Argentina y Venezuela. Mientras que en gobiernos anteriores la postura hab\u00eda sido m\u00e1s cautelosa, la actual administraci\u00f3n ha adoptado una l\u00ednea m\u00e1s dura, condenando p\u00fablicamente las violaciones a los derechos humanos y rompiendo lazos diplom\u00e1ticos. Este cambio de postura busca posicionar a Argentina como un l\u00edder regional en la defensa de los derechos fundamentales.<\/p>\n\n\n\n<p>El caso de Nahuel Gallo, que se ha vuelto una causa nacional, se ha sumado a una lista de cientos de casos de desapariciones forzadas, ejecuciones extrajudiciales y detenciones arbitrarias que se han denunciado en Venezuela. La inclusi\u00f3n de un gendarme argentino en este listado resalta la gravedad de la situaci\u00f3n y la extensi\u00f3n de la represi\u00f3n del r\u00e9gimen, que no solo afecta a sus propios ciudadanos sino tambi\u00e9n a extranjeros que se encuentren en su territorio.<\/p>\n\n\n\n<p>El Gobierno argentino, a trav\u00e9s de su representaci\u00f3n en la ONU, ha solicitado la cooperaci\u00f3n del Alto Comisionado para los Derechos Humanos para la investigaci\u00f3n del caso de Gallo. Si bien la respuesta del r\u00e9gimen de Maduro ha sido un silencio absoluto, la denuncia formal ante un organismo multilateral podr\u00eda generar mayor presi\u00f3n internacional para que se investigue el caso y se d\u00e9 con el paradero del gendarme.<\/p>\n\n\n\n<p>La resoluci\u00f3n del caso de Nahuel Gallo, y la denuncia de Argentina ante la ONU, tendr\u00e1 un impacto significativo en las relaciones regionales. Mientras que algunos gobiernos aplauden la decisi\u00f3n de Argentina, otros la ven como una escalada en la crisis diplom\u00e1tica. El futuro de las relaciones entre ambos pa\u00edses depender\u00e1 de si el r\u00e9gimen de Maduro coopera con la investigaci\u00f3n internacional o si contin\u00faa con su pol\u00edtica de negaci\u00f3n.<\/p>\n","protected":false},"excerpt":{"rendered":"<p>El Gobierno argentino ha dado un paso significativo al sumar el caso del gendarme argentino Nahuel Gallo al informe de la Organizaci\u00f3n de las Naciones Unidas (ONU) que documenta las graves violaciones a los derechos humanos en Venezuela. La medida, que ha sido recibida con firmeza por el gobierno de Nicol\u00e1s Maduro, representa un quiebre [&hellip;]<\/p>\n","protected":false},"author":2,"featured_media":12222,"comment_status":"open","ping_status":"open","sticky":false,"template":"","format":"standard","meta":{"footnotes":""},"categories":[25],"tags":[],"class_list":{"0":"post-12215","1":"post","2":"type-post","3":"status-publish","4":"format-standard","5":"has-post-thumbnail","7":"category-internacionales"},"aioseo_notices":[],"_links":{"self":[{"href":"https:\/\/lalupa24.com.ar\/index.php\/wp-json\/wp\/v2\/posts\/12215","targetHints":{"allow":["GET"]}}],"collection":[{"href":"https:\/\/lalupa24.com.ar\/index.php\/wp-json\/wp\/v2\/posts"}],"about":[{"href":"https:\/\/lalupa24.com.ar\/index.php\/wp-json\/wp\/v2\/types\/post"}],"author":[{"embeddable":true,"href":"https:\/\/lalupa24.com.ar\/index.php\/wp-json\/wp\/v2\/users\/2"}],"replies":[{"embeddable":true,"href":"https:\/\/lalupa24.com.ar\/index.php\/wp-json\/wp\/v2\/comments?post=12215"}],"version-history":[{"count":1,"href":"https:\/\/lalupa24.com.ar\/index.php\/wp-json\/wp\/v2\/posts\/12215\/revisions"}],"predecessor-version":[{"id":12223,"href":"https:\/\/lalupa24.com.ar\/index.php\/wp-json\/wp\/v2\/posts\/12215\/revisions\/12223"}],"wp:featuredmedia":[{"embeddable":true,"href":"https:\/\/lalupa24.com.ar\/index.php\/wp-json\/wp\/v2\/media\/12222"}],"wp:attachment":[{"href":"https:\/\/lalupa24.com.ar\/index.php\/wp-json\/wp\/v2\/media?parent=12215"}],"wp:term":[{"taxonomy":"category","embeddable":true,"href":"https:\/\/lalupa24.com.ar\/index.php\/wp-json\/wp\/v2\/categories?post=12215"},{"taxonomy":"post_tag","embeddable":true,"href":"https:\/\/lalupa24.com.ar\/index.php\/wp-json\/wp\/v2\/tags?post=12215"}],"curies":[{"name":"wp","href":"https:\/\/api.w.org\/{rel}","templated":true}]}}