{"id":1222,"date":"2024-05-08T13:44:45","date_gmt":"2024-05-08T16:44:45","guid":{"rendered":"https:\/\/lalupa24.com.ar\/?p=1222"},"modified":"2024-05-08T13:44:45","modified_gmt":"2024-05-08T16:44:45","slug":"prematuro-extremo-fue-el-resultado-de-de-autopsia-a-bebe-fallecido-en-concesionaria","status":"publish","type":"post","link":"https:\/\/lalupa24.com.ar\/index.php\/2024\/05\/08\/prematuro-extremo-fue-el-resultado-de-de-autopsia-a-bebe-fallecido-en-concesionaria\/","title":{"rendered":"\u201cPrematuro extremo\u201d fue el resultado de de autopsia a beb\u00e9 fallecido en Concesionaria"},"content":{"rendered":"\n<p>El Equipo Fiscal N\u00b0 3 de Resistencia inform\u00f3 que en la autopsia realizada por el Instituto de Medicina y Ciencias Forenses del Poder Judicial (IMCIF) no fueron observados signos de lesiones por maniobras instrumentales o aspirativas en el beb\u00e9 fallecido el 26 de abril luego que hab\u00eda nacido por parto no institucional el 24 de ese mes.<\/p>\n\n\n\n<p>Adem\u00e1s, la pericia diagnostic\u00f3 veintis\u00e9is semanas de gestaci\u00f3n (prematuro extremo) y fallecimiento por hemorragia intrapulmonar y encef\u00e1lica por inmadurez. En tanto que no fueron observadas otras lesiones en el resto de los \u00f3rganos apreciados.<\/p>\n\n\n\n<p>El hecho es investigado en la causa 12.024\/2024-1 &#8220;s\/ hallazgo de reci\u00e9n nacido s\/ eleva actuaciones&#8221; a cargo de la fiscal Rosana Soto quien se\u00f1al\u00f3 que restan recibir los informes del Hospital Pedi\u00e1trico y otras instituciones que intervinieron.<\/p>\n\n\n\n<p>Por \u00faltimo, la titular del Equipo Fiscal N\u00b0 3, record\u00f3 que informar\u00e1 a medida que se produzcan novedades<\/p>\n","protected":false},"excerpt":{"rendered":"<p>El Equipo Fiscal N\u00b0 3 de Resistencia inform\u00f3 que en la autopsia realizada por el Instituto de Medicina y Ciencias Forenses del Poder Judicial (IMCIF) no fueron observados signos de lesiones por maniobras instrumentales o aspirativas en el beb\u00e9 fallecido el 26 de abril luego que hab\u00eda nacido por parto no institucional el 24 de [&hellip;]<\/p>\n","protected":false},"author":2,"featured_media":1036,"comment_status":"open","ping_status":"open","sticky":false,"template":"","format":"standard","meta":{"footnotes":""},"categories":[28],"tags":[],"class_list":{"0":"post-1222","1":"post","2":"type-post","3":"status-publish","4":"format-standard","5":"has-post-thumbnail","7":"category-locales"},"aioseo_notices":[],"_links":{"self":[{"href":"https:\/\/lalupa24.com.ar\/index.php\/wp-json\/wp\/v2\/posts\/1222","targetHints":{"allow":["GET"]}}],"collection":[{"href":"https:\/\/lalupa24.com.ar\/index.php\/wp-json\/wp\/v2\/posts"}],"about":[{"href":"https:\/\/lalupa24.com.ar\/index.php\/wp-json\/wp\/v2\/types\/post"}],"author":[{"embeddable":true,"href":"https:\/\/lalupa24.com.ar\/index.php\/wp-json\/wp\/v2\/users\/2"}],"replies":[{"embeddable":true,"href":"https:\/\/lalupa24.com.ar\/index.php\/wp-json\/wp\/v2\/comments?post=1222"}],"version-history":[{"count":1,"href":"https:\/\/lalupa24.com.ar\/index.php\/wp-json\/wp\/v2\/posts\/1222\/revisions"}],"predecessor-version":[{"id":1223,"href":"https:\/\/lalupa24.com.ar\/index.php\/wp-json\/wp\/v2\/posts\/1222\/revisions\/1223"}],"wp:featuredmedia":[{"embeddable":true,"href":"https:\/\/lalupa24.com.ar\/index.php\/wp-json\/wp\/v2\/media\/1036"}],"wp:attachment":[{"href":"https:\/\/lalupa24.com.ar\/index.php\/wp-json\/wp\/v2\/media?parent=1222"}],"wp:term":[{"taxonomy":"category","embeddable":true,"href":"https:\/\/lalupa24.com.ar\/index.php\/wp-json\/wp\/v2\/categories?post=1222"},{"taxonomy":"post_tag","embeddable":true,"href":"https:\/\/lalupa24.com.ar\/index.php\/wp-json\/wp\/v2\/tags?post=1222"}],"curies":[{"name":"wp","href":"https:\/\/api.w.org\/{rel}","templated":true}]}}