{"id":12226,"date":"2025-09-22T12:24:55","date_gmt":"2025-09-22T15:24:55","guid":{"rendered":"https:\/\/lalupa24.com.ar\/?p=12226"},"modified":"2025-09-22T12:24:57","modified_gmt":"2025-09-22T15:24:57","slug":"la-oposicion-frena-en-el-senado-un-proyecto-de-maximo-kirchner-y-hace-caer-la-ultima-sesion-del-ano","status":"publish","type":"post","link":"https:\/\/lalupa24.com.ar\/index.php\/2025\/09\/22\/la-oposicion-frena-en-el-senado-un-proyecto-de-maximo-kirchner-y-hace-caer-la-ultima-sesion-del-ano\/","title":{"rendered":"La oposici\u00f3n frena en el Senado un proyecto de M\u00e1ximo Kirchner y hace caer la \u00faltima sesi\u00f3n del a\u00f1o"},"content":{"rendered":"\n<p>La oposici\u00f3n en el Senado ha logrado unificar sus fuerzas para hacer caer la \u00faltima sesi\u00f3n ordinaria del a\u00f1o, impidiendo la aprobaci\u00f3n de un proyecto de ley impulsado por el diputado <strong>M\u00e1ximo Kirchner<\/strong>. La iniciativa, que buscaba realizar modificaciones a la <strong>Ley de Fuego<\/strong>, fue el motivo principal por el cual la oposici\u00f3n decidi\u00f3 no dar qu\u00f3rum, en lo que se interpreta como un mensaje de fuerza y una clara se\u00f1al de que el bloque opositor no est\u00e1 dispuesto a votar a favor de proyectos que considera ideol\u00f3gicos o perjudiciales para el pa\u00eds.<\/p>\n\n\n\n<p>El proyecto de M\u00e1ximo Kirchner propon\u00eda realizar cambios en la Ley de Fuego, que regula la quema de pastizales y bosques. Si bien el oficialismo argumentaba que los cambios eran necesarios para la protecci\u00f3n del medio ambiente, la oposici\u00f3n sosten\u00eda que la iniciativa pon\u00eda en peligro la producci\u00f3n agr\u00edcola y ganadera, al introducir trabas burocr\u00e1ticas y restricciones a la actividad productiva.<\/p>\n\n\n\n<p>La decisi\u00f3n de la oposici\u00f3n de no dar qu\u00f3rum en el Senado se enmarca en un contexto de fuerte tensi\u00f3n entre el oficialismo y la oposici\u00f3n en el Poder Legislativo. La oposici\u00f3n, que se ha mostrado unida en varios frentes, ha logrado frenar la agenda de reformas del Gobierno y de sus aliados. La ca\u00edda de la sesi\u00f3n es una clara muestra de que la oposici\u00f3n cuenta con la fuerza suficiente para bloquear proyectos que no son de su agrado.<\/p>\n\n\n\n<p>El oficialismo ha expresado su decepci\u00f3n por el fracaso de la sesi\u00f3n y ha culpado a la oposici\u00f3n de obstaculizar el trabajo del Congreso. Sin embargo, la oposici\u00f3n ha respondido que su decisi\u00f3n se basa en la necesidad de evitar la aprobaci\u00f3n de leyes que, a su juicio, son perjudiciales para el pa\u00eds. En este sentido, la ca\u00edda de la sesi\u00f3n es una victoria para la oposici\u00f3n, que ha logrado frenar un proyecto que consideraba da\u00f1ino.<\/p>\n\n\n\n<p>El debate sobre la Ley de Fuego, y el fracaso de la sesi\u00f3n, pone de manifiesto las diferencias ideol\u00f3gicas que existen entre el oficialismo y la oposici\u00f3n. Mientras que el oficialismo defiende un modelo de desarrollo basado en la producci\u00f3n, la oposici\u00f3n argumenta que el pa\u00eds debe avanzar hacia una econom\u00eda m\u00e1s sostenible. Este debate se ha trasladado al Congreso, donde las fuerzas pol\u00edticas se enfrentan en una batalla por el control de la agenda legislativa.<\/p>\n\n\n\n<p>La ca\u00edda de la sesi\u00f3n en el Senado deja en claro que el camino de la gobernabilidad no es f\u00e1cil. El Gobierno, que se encuentra en minor\u00eda, deber\u00e1 negociar con la oposici\u00f3n si quiere avanzar en su agenda. El futuro de la relaci\u00f3n entre el Poder Ejecutivo y el Legislativo depender\u00e1 de si se logran forjar consensos y de si ambas partes est\u00e1n dispuestas a ceder en sus posturas para el bien del pa\u00eds.<\/p>\n","protected":false},"excerpt":{"rendered":"<p>La oposici\u00f3n en el Senado ha logrado unificar sus fuerzas para hacer caer la \u00faltima sesi\u00f3n ordinaria del a\u00f1o, impidiendo la aprobaci\u00f3n de un proyecto de ley impulsado por el diputado M\u00e1ximo Kirchner. La iniciativa, que buscaba realizar modificaciones a la Ley de Fuego, fue el motivo principal por el cual la oposici\u00f3n decidi\u00f3 no [&hellip;]<\/p>\n","protected":false},"author":2,"featured_media":12220,"comment_status":"open","ping_status":"open","sticky":false,"template":"","format":"standard","meta":{"footnotes":""},"categories":[26],"tags":[],"class_list":{"0":"post-12226","1":"post","2":"type-post","3":"status-publish","4":"format-standard","5":"has-post-thumbnail","7":"category-nacionales"},"aioseo_notices":[],"_links":{"self":[{"href":"https:\/\/lalupa24.com.ar\/index.php\/wp-json\/wp\/v2\/posts\/12226","targetHints":{"allow":["GET"]}}],"collection":[{"href":"https:\/\/lalupa24.com.ar\/index.php\/wp-json\/wp\/v2\/posts"}],"about":[{"href":"https:\/\/lalupa24.com.ar\/index.php\/wp-json\/wp\/v2\/types\/post"}],"author":[{"embeddable":true,"href":"https:\/\/lalupa24.com.ar\/index.php\/wp-json\/wp\/v2\/users\/2"}],"replies":[{"embeddable":true,"href":"https:\/\/lalupa24.com.ar\/index.php\/wp-json\/wp\/v2\/comments?post=12226"}],"version-history":[{"count":1,"href":"https:\/\/lalupa24.com.ar\/index.php\/wp-json\/wp\/v2\/posts\/12226\/revisions"}],"predecessor-version":[{"id":12227,"href":"https:\/\/lalupa24.com.ar\/index.php\/wp-json\/wp\/v2\/posts\/12226\/revisions\/12227"}],"wp:featuredmedia":[{"embeddable":true,"href":"https:\/\/lalupa24.com.ar\/index.php\/wp-json\/wp\/v2\/media\/12220"}],"wp:attachment":[{"href":"https:\/\/lalupa24.com.ar\/index.php\/wp-json\/wp\/v2\/media?parent=12226"}],"wp:term":[{"taxonomy":"category","embeddable":true,"href":"https:\/\/lalupa24.com.ar\/index.php\/wp-json\/wp\/v2\/categories?post=12226"},{"taxonomy":"post_tag","embeddable":true,"href":"https:\/\/lalupa24.com.ar\/index.php\/wp-json\/wp\/v2\/tags?post=12226"}],"curies":[{"name":"wp","href":"https:\/\/api.w.org\/{rel}","templated":true}]}}