{"id":1227,"date":"2024-05-08T14:01:46","date_gmt":"2024-05-08T17:01:46","guid":{"rendered":"https:\/\/lalupa24.com.ar\/?p=1227"},"modified":"2024-05-08T14:01:47","modified_gmt":"2024-05-08T17:01:47","slug":"el-centro-cultural-kirchner-se-llamara-palacio-libertad","status":"publish","type":"post","link":"https:\/\/lalupa24.com.ar\/index.php\/2024\/05\/08\/el-centro-cultural-kirchner-se-llamara-palacio-libertad\/","title":{"rendered":"El Centro Cultural Kirchner se llamar\u00e1 Palacio Libertad"},"content":{"rendered":"\n<p>Lo confirm\u00f3 el vocero presidencial, Manuel Adorni, en su cuenta de la red social X<\/p>\n\n\n\n<p>El Gobierno de Javier Milei le cambiar\u00e1 el nombre al Centro Cultural Kirchner. Se denominar\u00e1 Palacio Libertad. El edificio depende de la secretar\u00eda de Cultura, bajo el ala del ministerio de Capital Humano que encabeza Sandra Pettovello, pero la decisi\u00f3n fue adoptada por la Casa Rosada.<\/p>\n\n\n\n<p>Lo confirm\u00f3 el vocero presidencial, Manuel Adorni, a trav\u00e9s de un breve posteo en su cuenta de X (ex Twitter). El mismo funcionario hab\u00eda anticipado la idea gubernamental de \u201cdeskirchnerizar\u201d los nombres de edificios p\u00fablicos identificados con la gesti\u00f3n anterior el 26 de marzo. \u201cSe ha decidido finalmente cambiarle el nombre al Centro Cultural Kirchner (CCK), as\u00ed que dejar\u00e1 de llamarse como tal y efectivamente se le dar\u00e1 paso a un nuevo nombre\u201d, dijo ese d\u00eda. Ahora esa intenci\u00f3n est\u00e1 cerca de concretarse.<\/p>\n\n\n\n<p>La determinaci\u00f3n gubernamental se concretar\u00eda a trav\u00e9s de un decreto de necesidad y urgencia. En noviembre de 2012 se sancion\u00f3 y promulg\u00f3 la ley 26.794 que modific\u00f3 el nombre original de Centro Cultural del Bicentenario por el de \u201cPresidente Dr. N\u00e9stor Carlos Kirchner\u201d. Para derogarla es necesaria otra ley o un DNU, que tendr\u00eda que ser refrendado por el Congreso Nacional.<\/p>\n","protected":false},"excerpt":{"rendered":"<p>Lo confirm\u00f3 el vocero presidencial, Manuel Adorni, en su cuenta de la red social X El Gobierno de Javier Milei le cambiar\u00e1 el nombre al Centro Cultural Kirchner. Se denominar\u00e1 Palacio Libertad. El edificio depende de la secretar\u00eda de Cultura, bajo el ala del ministerio de Capital Humano que encabeza Sandra Pettovello, pero la decisi\u00f3n [&hellip;]<\/p>\n","protected":false},"author":2,"featured_media":1228,"comment_status":"open","ping_status":"open","sticky":false,"template":"","format":"standard","meta":{"footnotes":""},"categories":[26],"tags":[],"class_list":{"0":"post-1227","1":"post","2":"type-post","3":"status-publish","4":"format-standard","5":"has-post-thumbnail","7":"category-nacionales"},"aioseo_notices":[],"_links":{"self":[{"href":"https:\/\/lalupa24.com.ar\/index.php\/wp-json\/wp\/v2\/posts\/1227","targetHints":{"allow":["GET"]}}],"collection":[{"href":"https:\/\/lalupa24.com.ar\/index.php\/wp-json\/wp\/v2\/posts"}],"about":[{"href":"https:\/\/lalupa24.com.ar\/index.php\/wp-json\/wp\/v2\/types\/post"}],"author":[{"embeddable":true,"href":"https:\/\/lalupa24.com.ar\/index.php\/wp-json\/wp\/v2\/users\/2"}],"replies":[{"embeddable":true,"href":"https:\/\/lalupa24.com.ar\/index.php\/wp-json\/wp\/v2\/comments?post=1227"}],"version-history":[{"count":1,"href":"https:\/\/lalupa24.com.ar\/index.php\/wp-json\/wp\/v2\/posts\/1227\/revisions"}],"predecessor-version":[{"id":1229,"href":"https:\/\/lalupa24.com.ar\/index.php\/wp-json\/wp\/v2\/posts\/1227\/revisions\/1229"}],"wp:featuredmedia":[{"embeddable":true,"href":"https:\/\/lalupa24.com.ar\/index.php\/wp-json\/wp\/v2\/media\/1228"}],"wp:attachment":[{"href":"https:\/\/lalupa24.com.ar\/index.php\/wp-json\/wp\/v2\/media?parent=1227"}],"wp:term":[{"taxonomy":"category","embeddable":true,"href":"https:\/\/lalupa24.com.ar\/index.php\/wp-json\/wp\/v2\/categories?post=1227"},{"taxonomy":"post_tag","embeddable":true,"href":"https:\/\/lalupa24.com.ar\/index.php\/wp-json\/wp\/v2\/tags?post=1227"}],"curies":[{"name":"wp","href":"https:\/\/api.w.org\/{rel}","templated":true}]}}