{"id":12288,"date":"2025-09-17T13:17:26","date_gmt":"2025-09-17T16:17:26","guid":{"rendered":"https:\/\/lalupa24.com.ar\/?p=12288"},"modified":"2025-09-22T13:19:12","modified_gmt":"2025-09-22T16:19:12","slug":"el-gobierno-invita-a-la-premiacion-de-las-ong","status":"publish","type":"post","link":"https:\/\/lalupa24.com.ar\/index.php\/2025\/09\/17\/el-gobierno-invita-a-la-premiacion-de-las-ong\/","title":{"rendered":"El gobierno invita a la premiacion de las ONG"},"content":{"rendered":"\n<p>El Ministerio de Desarrollo Humano del Chaco, en el marco del D\u00eda Provincial de las ONG, establecido por la Ley 1257-E, invita a la comunidad a la ceremonia de premiaci\u00f3n y reconocimiento a las organizaciones no gubernamentales m\u00e1s destacadas de la provincia, para el pr\u00f3ximo 23 de septiembre. El evento se realizar\u00e1 a las 10:00 Hs, en el Sal\u00f3n Obligado de Casa de Gobierno.<\/p>\n\n\n\n<p>Objetivo del Concurso:<br>El objetivo de este concurso es reconocer la labor de las ONG que se han destacado por su trayectoria, solidaridad y labor comunitaria, contribuyendo al bienestar social de la comunidad chaque\u00f1a. El lema de este a\u00f1o es: \u201cTrayectoria que Une, Solidaridad que Transforma\u201d.<br>Adem\u00e1s, todas las organizaciones premiadas recibir\u00e1n certificados y plaquetas como parte del reconocimiento a su destacada labor.<\/p>\n\n\n\n<p>Selecci\u00f3n de la ONG del A\u00f1o 2025:<br>De las 10 ONG seleccionadas, se elegir\u00e1 la ONG del A\u00f1o 2025, destacando a la organizaci\u00f3n que haya demostrado un impacto significativo y positivo en la comunidad chaque\u00f1a.<\/p>\n\n\n\n<p><strong>Jurado Evaluador:<br><\/strong>El jurado evaluador estar\u00e1 compuesto por destacados miembros de la comunidad institucional y social de la provincia, quienes tendr\u00e1n la responsabilidad de evaluar la documentaci\u00f3n presentada por las organizaciones inscritas, y seleccionar las 10 ONG m\u00e1s sobresalientes. Este a\u00f1o, el jurado estar\u00e1 integrado por: Sandra Beatriz Kuc (Secretaria T\u00e9cnica del Superior Tribunal de Justicia) Maida Gabriela With (Diputada Provincial) In\u00e9s Flores (Diputada Provincial), Karen Kaenel Grella (Coordinadora de Comunicaci\u00f3n, Secretar\u00eda de Asuntos Estrat\u00e9gicos) y Carla Cantero (Subsecretaria de Econom\u00eda y Pol\u00edticas Sociales, Ministerio de Desarrollo Humano).<\/p>\n\n\n\n<p>Requisitos para Participar:<br>Las organizaciones participantes deben haber cumplido con los siguientes requisitos para su inscripci\u00f3n:<br>-Car\u00e1tula con nombre de la ONG<br>-Formulario de inscripci\u00f3n completo<br>-Fotocopia de la resoluci\u00f3n o disposici\u00f3n que acredita su personer\u00eda jur\u00eddica<br>-Fotocopia de la \u00faltima comisi\u00f3n directiva<br>-Documentaci\u00f3n adicional que la organizaci\u00f3n considere pertinente para avalar su actividad y trayectoria.<\/p>\n\n\n\n<p>Informaci\u00f3n y Contacto:<br>Para m\u00e1s informaci\u00f3n, las organizaciones pueden dirigirse a la Subsecretar\u00eda de Participaci\u00f3n Ciudadana, dependiente del Ministerio de Desarrollo Humano, en Santa Mar\u00eda de Oro 229, planta alta, de 7:30 a 12:30 hs, o bien, comunicarse a trav\u00e9s de las siguientes v\u00edas:<br>\u2022 WhatsApp:<br>\u2022 362-4726783<br>\u2022 362-4044739<br>\u2022 362-4380491<br>\u2022 Correo electr\u00f3nico: me.participacionciudadana@gmail.com<br>Este evento tiene como objetivo promover el reconocimiento y fortalecimiento de la labor de las ONG en la provincia, contribuyendo al desarrollo social y al fortalecimiento del tejido comunitario. \u201cDesde el Ministerio de Desarrollo Humano, celebramos la oportunidad de destacar a aquellas organizaciones que con su trabajo solidario y comprometido contin\u00faan transformando la realidad de muchas personas y comunidades chaque\u00f1as\u201d-aseguraron, desde el gobierno provincial<\/p>\n","protected":false},"excerpt":{"rendered":"<p>El Ministerio de Desarrollo Humano del Chaco, en el marco del D\u00eda Provincial de las ONG, establecido por la Ley 1257-E, invita a la comunidad a la ceremonia de premiaci\u00f3n y reconocimiento a las organizaciones no gubernamentales m\u00e1s destacadas de la provincia, para el pr\u00f3ximo 23 de septiembre. El evento se realizar\u00e1 a las 10:00 [&hellip;]<\/p>\n","protected":false},"author":2,"featured_media":12289,"comment_status":"open","ping_status":"open","sticky":false,"template":"","format":"standard","meta":{"footnotes":""},"categories":[28],"tags":[],"class_list":{"0":"post-12288","1":"post","2":"type-post","3":"status-publish","4":"format-standard","5":"has-post-thumbnail","7":"category-locales"},"aioseo_notices":[],"_links":{"self":[{"href":"https:\/\/lalupa24.com.ar\/index.php\/wp-json\/wp\/v2\/posts\/12288","targetHints":{"allow":["GET"]}}],"collection":[{"href":"https:\/\/lalupa24.com.ar\/index.php\/wp-json\/wp\/v2\/posts"}],"about":[{"href":"https:\/\/lalupa24.com.ar\/index.php\/wp-json\/wp\/v2\/types\/post"}],"author":[{"embeddable":true,"href":"https:\/\/lalupa24.com.ar\/index.php\/wp-json\/wp\/v2\/users\/2"}],"replies":[{"embeddable":true,"href":"https:\/\/lalupa24.com.ar\/index.php\/wp-json\/wp\/v2\/comments?post=12288"}],"version-history":[{"count":1,"href":"https:\/\/lalupa24.com.ar\/index.php\/wp-json\/wp\/v2\/posts\/12288\/revisions"}],"predecessor-version":[{"id":12290,"href":"https:\/\/lalupa24.com.ar\/index.php\/wp-json\/wp\/v2\/posts\/12288\/revisions\/12290"}],"wp:featuredmedia":[{"embeddable":true,"href":"https:\/\/lalupa24.com.ar\/index.php\/wp-json\/wp\/v2\/media\/12289"}],"wp:attachment":[{"href":"https:\/\/lalupa24.com.ar\/index.php\/wp-json\/wp\/v2\/media?parent=12288"}],"wp:term":[{"taxonomy":"category","embeddable":true,"href":"https:\/\/lalupa24.com.ar\/index.php\/wp-json\/wp\/v2\/categories?post=12288"},{"taxonomy":"post_tag","embeddable":true,"href":"https:\/\/lalupa24.com.ar\/index.php\/wp-json\/wp\/v2\/tags?post=12288"}],"curies":[{"name":"wp","href":"https:\/\/api.w.org\/{rel}","templated":true}]}}