{"id":12292,"date":"2025-09-18T13:26:30","date_gmt":"2025-09-18T16:26:30","guid":{"rendered":"https:\/\/lalupa24.com.ar\/?p=12292"},"modified":"2025-09-22T13:28:31","modified_gmt":"2025-09-22T16:28:31","slug":"chaco-fortalece-la-articulacion-publica-privada-para-potenciar-el-desarrollo-industrial","status":"publish","type":"post","link":"https:\/\/lalupa24.com.ar\/index.php\/2025\/09\/18\/chaco-fortalece-la-articulacion-publica-privada-para-potenciar-el-desarrollo-industrial\/","title":{"rendered":"Chaco fortalece la articulaci\u00f3n p\u00fablica-privada para potenciar el desarrollo industrial"},"content":{"rendered":"\n<p>Desde la empresa Insuga S.A., ubicada en Puerto Tirol, anticiparon que se encuentran pr\u00f3ximos a incrementar significativamente su volumen de producci\u00f3n, hecho que fue celebrado por las autoridades presentes.<\/p>\n\n\n\n<p>El ministro de la Producci\u00f3n y el Desarrollo Econ\u00f3mico Sostenible, Oscar Dudik, acompa\u00f1ado por los subsecretarios Patricio Amarilla (Industria y Comercio) y Oscar Navarro (Desarrollo Forestal), junto al responsable de la Agencia de Inversiones, Mart\u00edn Poccard, estuvieron en las instalaciones de la planta industrial de Insuga S.A., ubicada en Puerto Tirol.<br>Las autoridades provinciales mantuvieron contacto con sus due\u00f1os y el personal, donde pudieron conocer m\u00e1s en detalle el proceso productivo de la firma, que elabora grasa animal y alimento balanceado canino a partir de residuos de la industria frigor\u00edfica.<br>Por su parte, el ministro Dudik subray\u00f3 la importancia de acompa\u00f1ar este tipo de emprendimientos \u201cAcompa\u00f1amos a quienes transforman residuos en valor, es una prioridad para el Gobierno del Chaco porque Insuga no solo genera empleo y valor agregado, sino que adem\u00e1s brinda una soluci\u00f3n ambiental al procesar los subproductos de la industria frigor\u00edfica.\u201d<br>Finalmente, el Ministerio reafirm\u00f3, una vez m\u00e1s, su compromiso de fortalecer la articulaci\u00f3n p\u00fablico-privada para que m\u00e1s empresas chaque\u00f1as puedan crecer, innovar y contribuir al desarrollo econ\u00f3mico sostenible de la provincia.<\/p>\n","protected":false},"excerpt":{"rendered":"<p>Desde la empresa Insuga S.A., ubicada en Puerto Tirol, anticiparon que se encuentran pr\u00f3ximos a incrementar significativamente su volumen de producci\u00f3n, hecho que fue celebrado por las autoridades presentes. El ministro de la Producci\u00f3n y el Desarrollo Econ\u00f3mico Sostenible, Oscar Dudik, acompa\u00f1ado por los subsecretarios Patricio Amarilla (Industria y Comercio) y Oscar Navarro (Desarrollo Forestal), [&hellip;]<\/p>\n","protected":false},"author":2,"featured_media":12293,"comment_status":"open","ping_status":"open","sticky":false,"template":"","format":"standard","meta":{"footnotes":""},"categories":[28],"tags":[],"class_list":{"0":"post-12292","1":"post","2":"type-post","3":"status-publish","4":"format-standard","5":"has-post-thumbnail","7":"category-locales"},"aioseo_notices":[],"_links":{"self":[{"href":"https:\/\/lalupa24.com.ar\/index.php\/wp-json\/wp\/v2\/posts\/12292","targetHints":{"allow":["GET"]}}],"collection":[{"href":"https:\/\/lalupa24.com.ar\/index.php\/wp-json\/wp\/v2\/posts"}],"about":[{"href":"https:\/\/lalupa24.com.ar\/index.php\/wp-json\/wp\/v2\/types\/post"}],"author":[{"embeddable":true,"href":"https:\/\/lalupa24.com.ar\/index.php\/wp-json\/wp\/v2\/users\/2"}],"replies":[{"embeddable":true,"href":"https:\/\/lalupa24.com.ar\/index.php\/wp-json\/wp\/v2\/comments?post=12292"}],"version-history":[{"count":1,"href":"https:\/\/lalupa24.com.ar\/index.php\/wp-json\/wp\/v2\/posts\/12292\/revisions"}],"predecessor-version":[{"id":12294,"href":"https:\/\/lalupa24.com.ar\/index.php\/wp-json\/wp\/v2\/posts\/12292\/revisions\/12294"}],"wp:featuredmedia":[{"embeddable":true,"href":"https:\/\/lalupa24.com.ar\/index.php\/wp-json\/wp\/v2\/media\/12293"}],"wp:attachment":[{"href":"https:\/\/lalupa24.com.ar\/index.php\/wp-json\/wp\/v2\/media?parent=12292"}],"wp:term":[{"taxonomy":"category","embeddable":true,"href":"https:\/\/lalupa24.com.ar\/index.php\/wp-json\/wp\/v2\/categories?post=12292"},{"taxonomy":"post_tag","embeddable":true,"href":"https:\/\/lalupa24.com.ar\/index.php\/wp-json\/wp\/v2\/tags?post=12292"}],"curies":[{"name":"wp","href":"https:\/\/api.w.org\/{rel}","templated":true}]}}