{"id":1230,"date":"2024-05-08T14:34:19","date_gmt":"2024-05-08T17:34:19","guid":{"rendered":"https:\/\/lalupa24.com.ar\/?p=1230"},"modified":"2024-05-08T14:34:19","modified_gmt":"2024-05-08T17:34:19","slug":"inauguraron-una-nueva-fiscalia-de-investigacion-rural-y-ambiental","status":"publish","type":"post","link":"https:\/\/lalupa24.com.ar\/index.php\/2024\/05\/08\/inauguraron-una-nueva-fiscalia-de-investigacion-rural-y-ambiental\/","title":{"rendered":"Inauguraron una nueva Fiscal\u00eda de Investigaci\u00f3n Rural y Ambiental"},"content":{"rendered":"\n<p>La nueva dependencia judicial funcionar\u00e1 en calle G\u00fcemes N\u00b070 de Machagai y tendr\u00e1 como funci\u00f3n especial promover la investigaci\u00f3n de los hechos delictivos rurales y la defensa de los derechos colectivos o difusos ambientales. La atenci\u00f3n al p\u00fablico comenzar\u00e1 el pr\u00f3ximo lunes.<\/p>\n\n\n\n<p>Durante la inauguraci\u00f3n el presidente del Superior Tribunal de Justicia V\u00edctor del R\u00edo tom\u00f3 juramento a Mar\u00eda Emilia Rudaz como fiscal de investigaci\u00f3n con funciones en la Fiscal\u00eda de Investigaci\u00f3n Rural y Ambiental para la Segunda Circunscripci\u00f3n Judicial con asiento en la ciudad de Machagai.<\/p>\n\n\n\n<p>Adem\u00e1s, estuvieron presentes la jueza del STJ Emilia Valle, el juez del STJ Enrique Varela y la jueza del STJ Iride Isabel Mar\u00eda Grillo; el procurador general adjunto Miguel Fonteina; el gobernador de la provincia Leandro Zdero; el ministro de Seguridad Jorge G\u00f3mez; el intendente de esa ciudad Juan Manuel Garc\u00eda; el presidente del Concejo Municipal Maximiliano Kapor; el presidente del Consejo de la Magistratura Edgardo Reguera y el jefe de la Polic\u00eda Fernando Romero.<\/p>\n\n\n\n<p>As\u00ed como el intendente de Presidencia de la Plaza Diego Bernachea, el de Villa Berthet Germ\u00e1n Honcheruk, el de las Garcitas Sergio Dolce, el de Quitilipi Ariel Lovey y el de Colonia Abor\u00edgen Mateo Vucko.<\/p>\n\n\n\n<p>Adem\u00e1s, particip\u00f3 el juez de Paz de la ciudad Carlos Fabi\u00e1n S\u00e1nchez; el presidente del Colegio de Abogados de S\u00e1enz Pe\u00f1a Alejandro Ledergerber; el presidente de Federaci\u00f3n Chaque\u00f1a de Sociedades Rurales Fabi\u00e1n Vitter, funcionarios provinciales, municipales; integrantes del Poder Judicial; representantes entidades agropecuarias y de fuerzas de seguridad.<\/p>\n\n\n\n<p>Combatir el delito rural y ambiental<\/p>\n\n\n\n<p>Con la inauguraci\u00f3n de esta nueva dependencia se dio cumplimiento a lo dispuesto por la Ley N\u00b0 1618-A que estableci\u00f3 la puesta en funcionamiento de dos Fiscal\u00edas de Investigaci\u00f3n, Rurales y Ambientales para la provincia.<\/p>\n\n\n\n<p>La flamante Fiscal\u00eda de Machagai tendr\u00e1 injerencia en la segunda, tercera y cuarta Circunscripci\u00f3n Judicial y viene a dar respuesta a la preocupante situaci\u00f3n que se observa en la proliferaci\u00f3n de delitos en \u00e1mbitos rurales y ambientales.<\/p>\n\n\n\n<p>Durante la inauguraci\u00f3n del R\u00edo se\u00f1al\u00f3 que la segunda Fiscal\u00eda Rural es el resultado de esfuerzos compartidos con distintos estamentos del Estado e instituciones intermedias. &#8220;Este acto pone de manifiesto el accionar de diferentes voluntades puestas de acuerdo, aportando infraestructura edilicia, log\u00edstica y humana, para que la justicia chaque\u00f1a cumpla su prop\u00f3sito de transformarse en una justicia cercana a cada uno de los habitantes&#8221;, asegur\u00f3.<\/p>\n\n\n\n<p>En tanto que el Gobernador valor\u00f3 el esfuerzo del Poder Judicial y de cada una de las \u00e1reas que hicieron realidad este anhelo que traer\u00e1 alivio a los productores de la regi\u00f3n. Y llam\u00f3 a continuar trabajando todos juntos por el desarrollo de los pueblos y para alcanzar la paz social.<\/p>\n\n\n\n<p>Finalmente, para el intendente se trat\u00f3 de un momento hist\u00f3rico para la ciudad y zonas aleda\u00f1as porque muchas veces los productores sienten que sus bienes est\u00e1n en jaque por la inseguridad o cuestiones ambientales.&nbsp;&nbsp;<\/p>\n","protected":false},"excerpt":{"rendered":"<p>La nueva dependencia judicial funcionar\u00e1 en calle G\u00fcemes N\u00b070 de Machagai y tendr\u00e1 como funci\u00f3n especial promover la investigaci\u00f3n de los hechos delictivos rurales y la defensa de los derechos colectivos o difusos ambientales. La atenci\u00f3n al p\u00fablico comenzar\u00e1 el pr\u00f3ximo lunes. Durante la inauguraci\u00f3n el presidente del Superior Tribunal de Justicia V\u00edctor del R\u00edo [&hellip;]<\/p>\n","protected":false},"author":2,"featured_media":1231,"comment_status":"open","ping_status":"open","sticky":false,"template":"","format":"standard","meta":{"footnotes":""},"categories":[27],"tags":[],"class_list":{"0":"post-1230","1":"post","2":"type-post","3":"status-publish","4":"format-standard","5":"has-post-thumbnail","7":"category-interior"},"aioseo_notices":[],"_links":{"self":[{"href":"https:\/\/lalupa24.com.ar\/index.php\/wp-json\/wp\/v2\/posts\/1230","targetHints":{"allow":["GET"]}}],"collection":[{"href":"https:\/\/lalupa24.com.ar\/index.php\/wp-json\/wp\/v2\/posts"}],"about":[{"href":"https:\/\/lalupa24.com.ar\/index.php\/wp-json\/wp\/v2\/types\/post"}],"author":[{"embeddable":true,"href":"https:\/\/lalupa24.com.ar\/index.php\/wp-json\/wp\/v2\/users\/2"}],"replies":[{"embeddable":true,"href":"https:\/\/lalupa24.com.ar\/index.php\/wp-json\/wp\/v2\/comments?post=1230"}],"version-history":[{"count":1,"href":"https:\/\/lalupa24.com.ar\/index.php\/wp-json\/wp\/v2\/posts\/1230\/revisions"}],"predecessor-version":[{"id":1232,"href":"https:\/\/lalupa24.com.ar\/index.php\/wp-json\/wp\/v2\/posts\/1230\/revisions\/1232"}],"wp:featuredmedia":[{"embeddable":true,"href":"https:\/\/lalupa24.com.ar\/index.php\/wp-json\/wp\/v2\/media\/1231"}],"wp:attachment":[{"href":"https:\/\/lalupa24.com.ar\/index.php\/wp-json\/wp\/v2\/media?parent=1230"}],"wp:term":[{"taxonomy":"category","embeddable":true,"href":"https:\/\/lalupa24.com.ar\/index.php\/wp-json\/wp\/v2\/categories?post=1230"},{"taxonomy":"post_tag","embeddable":true,"href":"https:\/\/lalupa24.com.ar\/index.php\/wp-json\/wp\/v2\/tags?post=1230"}],"curies":[{"name":"wp","href":"https:\/\/api.w.org\/{rel}","templated":true}]}}