{"id":12363,"date":"2025-08-30T21:05:00","date_gmt":"2025-08-31T00:05:00","guid":{"rendered":"https:\/\/lalupa24.com.ar\/?p=12363"},"modified":"2025-09-24T21:12:32","modified_gmt":"2025-09-25T00:12:32","slug":"multitudinario-festejo-del-dia-del-nino-en-barranqueras","status":"publish","type":"post","link":"https:\/\/lalupa24.com.ar\/index.php\/2025\/08\/30\/multitudinario-festejo-del-dia-del-nino-en-barranqueras\/","title":{"rendered":"Multitudinario festejo del D\u00eda del Ni\u00f1o en Barranqueras"},"content":{"rendered":"\n<p>La intendente, Magda Ayala, agradeci\u00f3 a cada uno de los presentes y a todo el equipo municipal por hacer esto posible.<br>En el Complejo Mi Bella Ciudad, miles de personas disfrutaron del festejo por el D\u00eda del Ni\u00f1o organizado por la Municipalidad de Barranqueras. La intendente, Magda Ayala, agradeci\u00f3 a cada uno de los presentes y a todo el equipo municipal por hacer esto posible.<br>Durante esta jornada hubo una gran variedad de actividades para el disfrute de los m\u00e1s peque\u00f1os, desde juegos, sorteos, chocolatada y muchas sorpresas. La invitaci\u00f3n fue al Complejo Mi Bella Ciudad, un espacio recuperado para la recreaci\u00f3n de las familias de Barranqueras.<br>Gracias a un esfuerzo de la administraci\u00f3n municipal, m\u00e1s el apoyo del sector privado, se pudo llevar adelante esta actividad garantizando que la entrada sea libre y gratuita. El objetivo era poder agasajar y que ni\u00f1os y sus familias pudieran celebrar su d\u00eda a pesar del contexto de incertidumbre que se vive a nivel provincial y nacional.<br>\u201cCada ni\u00f1o merece crecer en un entorno lleno de amor, cuidado y oportunidades. Por eso, seguimos gestionando con el coraz\u00f3n, trabajando juntos para construir una Barranqueras m\u00e1s humana\u201d, sostuvo la intendente al respecto.<br>Por \u00faltimo, dedic\u00f3 un sentido mensaje a los presentes: \u201cAgradecer a toda la familia municipal y a todas las familias porque hoy fue una fiesta en paz y con amor, que es muy importante en estos tiempos\u201d, finaliz\u00f3 Magda Ayala.<\/p>\n","protected":false},"excerpt":{"rendered":"<p>La intendente, Magda Ayala, agradeci\u00f3 a cada uno de los presentes y a todo el equipo municipal por hacer esto posible.En el Complejo Mi Bella Ciudad, miles de personas disfrutaron del festejo por el D\u00eda del Ni\u00f1o organizado por la Municipalidad de Barranqueras. La intendente, Magda Ayala, agradeci\u00f3 a cada uno de los presentes y [&hellip;]<\/p>\n","protected":false},"author":11,"featured_media":12364,"comment_status":"open","ping_status":"open","sticky":false,"template":"","format":"standard","meta":{"footnotes":""},"categories":[28],"tags":[],"class_list":{"0":"post-12363","1":"post","2":"type-post","3":"status-publish","4":"format-standard","5":"has-post-thumbnail","7":"category-locales"},"aioseo_notices":[],"_links":{"self":[{"href":"https:\/\/lalupa24.com.ar\/index.php\/wp-json\/wp\/v2\/posts\/12363","targetHints":{"allow":["GET"]}}],"collection":[{"href":"https:\/\/lalupa24.com.ar\/index.php\/wp-json\/wp\/v2\/posts"}],"about":[{"href":"https:\/\/lalupa24.com.ar\/index.php\/wp-json\/wp\/v2\/types\/post"}],"author":[{"embeddable":true,"href":"https:\/\/lalupa24.com.ar\/index.php\/wp-json\/wp\/v2\/users\/11"}],"replies":[{"embeddable":true,"href":"https:\/\/lalupa24.com.ar\/index.php\/wp-json\/wp\/v2\/comments?post=12363"}],"version-history":[{"count":1,"href":"https:\/\/lalupa24.com.ar\/index.php\/wp-json\/wp\/v2\/posts\/12363\/revisions"}],"predecessor-version":[{"id":12365,"href":"https:\/\/lalupa24.com.ar\/index.php\/wp-json\/wp\/v2\/posts\/12363\/revisions\/12365"}],"wp:featuredmedia":[{"embeddable":true,"href":"https:\/\/lalupa24.com.ar\/index.php\/wp-json\/wp\/v2\/media\/12364"}],"wp:attachment":[{"href":"https:\/\/lalupa24.com.ar\/index.php\/wp-json\/wp\/v2\/media?parent=12363"}],"wp:term":[{"taxonomy":"category","embeddable":true,"href":"https:\/\/lalupa24.com.ar\/index.php\/wp-json\/wp\/v2\/categories?post=12363"},{"taxonomy":"post_tag","embeddable":true,"href":"https:\/\/lalupa24.com.ar\/index.php\/wp-json\/wp\/v2\/tags?post=12363"}],"curies":[{"name":"wp","href":"https:\/\/api.w.org\/{rel}","templated":true}]}}