{"id":12366,"date":"2025-08-21T21:14:00","date_gmt":"2025-08-22T00:14:00","guid":{"rendered":"https:\/\/lalupa24.com.ar\/?p=12366"},"modified":"2025-09-24T21:21:05","modified_gmt":"2025-09-25T00:21:05","slug":"para-mejorar-los-servicios-brindados-a-la-comunidad-el-municipio-suma-un-nuevo-camion","status":"publish","type":"post","link":"https:\/\/lalupa24.com.ar\/index.php\/2025\/08\/21\/para-mejorar-los-servicios-brindados-a-la-comunidad-el-municipio-suma-un-nuevo-camion\/","title":{"rendered":"Para mejorar los servicios brindados a la comunidad, el municipio suma un nuevo cami\u00f3n"},"content":{"rendered":"\n<p>Desde la intendencia, se llev\u00f3 adelante una gesti\u00f3n junto a la Justicia Federal para adquirir una nueva herramienta de transporte para la ciudad._<\/p>\n\n\n\n<p>El Municipio de Barranqueras inform\u00f3 que, tras una gesti\u00f3n encarada por la intendente Magda Ayala, la flota municipal sumar\u00e1 un nuevo veh\u00edculo para ampliar y mejorar los servicios que se ofrecen a la comunidad.<\/p>\n\n\n\n<p>Se trata de un cami\u00f3n que se encontraba inutilizado y expuesto a la intemperie. El mismo fue recibido por la Municipalidad en calidad de dep\u00f3sito judicial, es decir que no se gener\u00f3 ning\u00fan tipo de gasto desde la administraci\u00f3n municipal para su adquisici\u00f3n.<\/p>\n\n\n\n<p>Esto se logr\u00f3 luego de llevar adelante un trabajo articulado y una importante gesti\u00f3n con la Justicia Federal. Ahora, resta avanzar en su reacondicionamiento y puesta marcha.<\/p>\n\n\n\n<p>La idea es que en poco tiempo este nuevo veh\u00edculo circule por la ciudad y acerque servicios y operativos a los habitantes de todos los barrios de la ciudad.<\/p>\n\n\n\n<p>\u201cSomos una gesti\u00f3n que con responsabilidad y eficiencia contin\u00faa fortaleciendo el trabajo territorial con el objetivo de atender y brindar lo mejor a cada familia\u201d, sostuvo Magda Ayala.<br><br><br><\/p>\n\n\n\n<p><\/p>\n","protected":false},"excerpt":{"rendered":"<p>Desde la intendencia, se llev\u00f3 adelante una gesti\u00f3n junto a la Justicia Federal para adquirir una nueva herramienta de transporte para la ciudad._ El Municipio de Barranqueras inform\u00f3 que, tras una gesti\u00f3n encarada por la intendente Magda Ayala, la flota municipal sumar\u00e1 un nuevo veh\u00edculo para ampliar y mejorar los servicios que se ofrecen a [&hellip;]<\/p>\n","protected":false},"author":11,"featured_media":12367,"comment_status":"open","ping_status":"open","sticky":false,"template":"","format":"standard","meta":{"footnotes":""},"categories":[28],"tags":[],"class_list":{"0":"post-12366","1":"post","2":"type-post","3":"status-publish","4":"format-standard","5":"has-post-thumbnail","7":"category-locales"},"aioseo_notices":[],"_links":{"self":[{"href":"https:\/\/lalupa24.com.ar\/index.php\/wp-json\/wp\/v2\/posts\/12366","targetHints":{"allow":["GET"]}}],"collection":[{"href":"https:\/\/lalupa24.com.ar\/index.php\/wp-json\/wp\/v2\/posts"}],"about":[{"href":"https:\/\/lalupa24.com.ar\/index.php\/wp-json\/wp\/v2\/types\/post"}],"author":[{"embeddable":true,"href":"https:\/\/lalupa24.com.ar\/index.php\/wp-json\/wp\/v2\/users\/11"}],"replies":[{"embeddable":true,"href":"https:\/\/lalupa24.com.ar\/index.php\/wp-json\/wp\/v2\/comments?post=12366"}],"version-history":[{"count":1,"href":"https:\/\/lalupa24.com.ar\/index.php\/wp-json\/wp\/v2\/posts\/12366\/revisions"}],"predecessor-version":[{"id":12368,"href":"https:\/\/lalupa24.com.ar\/index.php\/wp-json\/wp\/v2\/posts\/12366\/revisions\/12368"}],"wp:featuredmedia":[{"embeddable":true,"href":"https:\/\/lalupa24.com.ar\/index.php\/wp-json\/wp\/v2\/media\/12367"}],"wp:attachment":[{"href":"https:\/\/lalupa24.com.ar\/index.php\/wp-json\/wp\/v2\/media?parent=12366"}],"wp:term":[{"taxonomy":"category","embeddable":true,"href":"https:\/\/lalupa24.com.ar\/index.php\/wp-json\/wp\/v2\/categories?post=12366"},{"taxonomy":"post_tag","embeddable":true,"href":"https:\/\/lalupa24.com.ar\/index.php\/wp-json\/wp\/v2\/tags?post=12366"}],"curies":[{"name":"wp","href":"https:\/\/api.w.org\/{rel}","templated":true}]}}