{"id":12381,"date":"2025-09-24T21:46:37","date_gmt":"2025-09-25T00:46:37","guid":{"rendered":"https:\/\/lalupa24.com.ar\/?p=12381"},"modified":"2025-09-24T21:46:37","modified_gmt":"2025-09-25T00:46:37","slug":"contundente-respaldo-a-la-conduccion-de-oestmann-y-garcia-sola-en-las-elecciones-de-renovacion-total-del-consejo-superior-de-uncaus","status":"publish","type":"post","link":"https:\/\/lalupa24.com.ar\/index.php\/2025\/09\/24\/contundente-respaldo-a-la-conduccion-de-oestmann-y-garcia-sola-en-las-elecciones-de-renovacion-total-del-consejo-superior-de-uncaus\/","title":{"rendered":"Contundente respaldo a la conducci\u00f3n de Oestmann y Garc\u00eda Sol\u00e1 en las elecciones de renovaci\u00f3n total del consejo superior de UNCAUS"},"content":{"rendered":"\n<p>\u201cEs una satisfacci\u00f3n muy dif\u00edcil de describir, haber recibido \u00e9ste abrumador respaldo de los claustros docentes, no docentes y graduados, luego de la pertinaz campa\u00f1a de desprestigio y persecuci\u00f3n que sufri\u00f3 nuestra casa de Altos Estudios, utilizando las herramientas m\u00e1s abyectas de adentro y de afuera de la instituci\u00f3n\u201d declar\u00f3 visiblemente emocionado el Rector Germ\u00e1n Oestmann, luego de conocer los guarismos de los distintos claustros que integran la conducci\u00f3n superior de la Universidad Nacional del Chaco Austral.<\/p>\n\n\n\n<p>\u201cCon Manuel tomamos una Universidad al borde de la intervenci\u00f3n hace 7 a\u00f1os y los mismos que provocaron aqu\u00e9lla dram\u00e1tica situaci\u00f3n a una joven Universidad, reci\u00e9n creada, aliados con peque\u00f1os sectores inescrupulosos que no dudaron en usar las m\u00e1s deleznables armas de la pol\u00edtica rechazada una y otra vez por la sociedad, intentaron todo el tiempo en provocar nuestra desestabilizaci\u00f3n, con mentiras, sabotajes, y utilizaci\u00f3n de los instrumentos de otros poderes para intentar vulnerar la autonom\u00eda universitaria\u201d agreg\u00f3 el Rector de UNCAUS y remat\u00f3 \u201choy los docentes, los no docentes y los graduados de la Universidad les respondieron con \u00e9ste contundente respaldo, reeligiendo pr\u00e1cticamente al mismo Consejo Superior que ven\u00eda conduciendo nuestra instituci\u00f3n\u201d<\/p>\n\n\n\n<p>Por su parte, el Vicerrector Manuel Garc\u00eda Sol\u00e1 reflexion\u00f3 \u201clos colegas que ven\u00edan intentando desestabilizar a nuestra conducci\u00f3n, deber\u00edan terminar de comprender que en el sistema auton\u00f3mico y de cogobierno universitario argentino, el poder se obtiene en elecciones y no operando en el Ministerio P\u00fablico o filtrando informaci\u00f3n hacia una facci\u00f3n pol\u00edtica para provocar la intervenci\u00f3n de otros poderes en la vida acad\u00e9mica y cient\u00edfica de las<\/p>\n\n\n\n<p>Universidades. Eso ya lo vivimos, una y otra vez y no les sirvi\u00f3 para nada\u201d y agreg\u00f3 \u201cen \u00e9ste duro contexto pol\u00edtico y econ\u00f3mico generado por pol\u00edticas que desestiman el rol de las Universidades y los Institutos de Ciencias y Tecnolog\u00eda, m\u00e1s que nunca hay que estar unidos tras la defensa de la autonom\u00eda, la gratuidad, la calidad acad\u00e9mica y el desarrollo cient\u00edfico paraservir a la sociedad\u201d.<\/p>\n","protected":false},"excerpt":{"rendered":"<p>\u201cEs una satisfacci\u00f3n muy dif\u00edcil de describir, haber recibido \u00e9ste abrumador respaldo de los claustros docentes, no docentes y graduados, luego de la pertinaz campa\u00f1a de desprestigio y persecuci\u00f3n que sufri\u00f3 nuestra casa de Altos Estudios, utilizando las herramientas m\u00e1s abyectas de adentro y de afuera de la instituci\u00f3n\u201d declar\u00f3 visiblemente emocionado el Rector Germ\u00e1n [&hellip;]<\/p>\n","protected":false},"author":11,"featured_media":12382,"comment_status":"open","ping_status":"open","sticky":false,"template":"","format":"standard","meta":{"footnotes":""},"categories":[28],"tags":[],"class_list":{"0":"post-12381","1":"post","2":"type-post","3":"status-publish","4":"format-standard","5":"has-post-thumbnail","7":"category-locales"},"aioseo_notices":[],"_links":{"self":[{"href":"https:\/\/lalupa24.com.ar\/index.php\/wp-json\/wp\/v2\/posts\/12381","targetHints":{"allow":["GET"]}}],"collection":[{"href":"https:\/\/lalupa24.com.ar\/index.php\/wp-json\/wp\/v2\/posts"}],"about":[{"href":"https:\/\/lalupa24.com.ar\/index.php\/wp-json\/wp\/v2\/types\/post"}],"author":[{"embeddable":true,"href":"https:\/\/lalupa24.com.ar\/index.php\/wp-json\/wp\/v2\/users\/11"}],"replies":[{"embeddable":true,"href":"https:\/\/lalupa24.com.ar\/index.php\/wp-json\/wp\/v2\/comments?post=12381"}],"version-history":[{"count":1,"href":"https:\/\/lalupa24.com.ar\/index.php\/wp-json\/wp\/v2\/posts\/12381\/revisions"}],"predecessor-version":[{"id":12383,"href":"https:\/\/lalupa24.com.ar\/index.php\/wp-json\/wp\/v2\/posts\/12381\/revisions\/12383"}],"wp:featuredmedia":[{"embeddable":true,"href":"https:\/\/lalupa24.com.ar\/index.php\/wp-json\/wp\/v2\/media\/12382"}],"wp:attachment":[{"href":"https:\/\/lalupa24.com.ar\/index.php\/wp-json\/wp\/v2\/media?parent=12381"}],"wp:term":[{"taxonomy":"category","embeddable":true,"href":"https:\/\/lalupa24.com.ar\/index.php\/wp-json\/wp\/v2\/categories?post=12381"},{"taxonomy":"post_tag","embeddable":true,"href":"https:\/\/lalupa24.com.ar\/index.php\/wp-json\/wp\/v2\/tags?post=12381"}],"curies":[{"name":"wp","href":"https:\/\/api.w.org\/{rel}","templated":true}]}}