{"id":12454,"date":"2025-09-28T11:33:00","date_gmt":"2025-09-28T14:33:00","guid":{"rendered":"https:\/\/lalupa24.com.ar\/?p=12454"},"modified":"2025-09-30T12:41:42","modified_gmt":"2025-09-30T15:41:42","slug":"mas-prevencion-y-mas-seguridad-fontana-ya-tiene-su-nuevo-centro-de-monitoreo","status":"publish","type":"post","link":"https:\/\/lalupa24.com.ar\/index.php\/2025\/09\/28\/mas-prevencion-y-mas-seguridad-fontana-ya-tiene-su-nuevo-centro-de-monitoreo\/","title":{"rendered":"M\u00e1s prevenci\u00f3n y m\u00e1s seguridad Fontana ya tiene su nuevo centro de monitoreo"},"content":{"rendered":"\n<h4 class=\"wp-block-heading\"><\/h4>\n\n\n\n<p><br>En el marco del 109\u00b0 aniversario de Fontana, el gobernador Leandro Zdero junto a la vicegobernadora Silvana Schneider y al intendente Fernando Cuadra, inauguraron este domingo el nuevo Centro de Monitoreo en la ciudad, una obra clave dentro del plan integral y estrat\u00e9gico de la seguridad provincial.<br>El espacio permitir\u00e1 ampliar la capacidad de videovigilancia con c\u00e1maras IP Bullet, 1.750 metros de fibra \u00f3ptica, gabinetes, soportes, sistemas de respaldo energ\u00e9tico, UPS de 2 KVA, router de \u00faltima generaci\u00f3n y pantallas que permiten visualizar en simult\u00e1neo los distintos puntos de la ciudad. As\u00ed, se integran las Paradas Seguras y c\u00e1maras del Ministerio de Seguridad, elevando a 25 los dispositivos en funcionamiento en Fontana. Adem\u00e1s, se presentaron nuevos desarrollos tecnol\u00f3gicos de gesti\u00f3n municipal, como sistemas digitales de ingresos y egresos, gesti\u00f3n de sueldos y plataforma de autogesti\u00f3n, junto a la conectividad en 35 escuelas locales.<br>\u201cEste centro permitir\u00e1 a Fontana estar conectado con la agencia que controla todo el \u00e1rea metropolitana. Nuestra gesti\u00f3n entiende que debe cuidar a todos y a cada uno de los chaque\u00f1os. Para fin de a\u00f1o habr\u00e1 m\u00e1s de 60 c\u00e1maras de seguridad, lo que permitir\u00e1 prevenir delitos e identificar r\u00e1pidamente a los responsables\u201d- afirm\u00f3 el Gobernador.\u00a0<br>Por su parte, la vicegobernadora Schneider manifest\u00f3 \u201cEste centro ratifica nuestro compromiso con la seguridad de los chaque\u00f1os. Permitir\u00e1 prevenir situaciones que puedan afectar a los ciudadanos y sus bienes. Seguimos trabajando junto a los municipios para concretar obras que fortalecen a la provincia\u201d.<br>En tanto, el ministro Matkovich remarc\u00f3 \u201cEsto es prevenci\u00f3n y seguridad estrat\u00e9gica. Fontana es un punto clave dentro del esquema de videovigilancia provincial y este centro refleja la prioridad que le damos a la seguridad\u201d.<br>Por \u00faltimo, Adri\u00e1n Veleff, presidente de Ecom, acompa\u00f1ado de la vicepresidente Marina Kremar y la directora Carolina Orcola, resumi\u00f3 \u201cEl centro cuenta con equipamiento de \u00faltima tecnolog\u00eda que permite grabaci\u00f3n a largo plazo y conexi\u00f3n directa con el Ministerio de Seguridad y la Justicia. Antes de fin de a\u00f1o, vamos a ampliar el sistema con hasta 60 c\u00e1maras en la localidad\u201d<\/p>\n","protected":false},"excerpt":{"rendered":"<p>En el marco del 109\u00b0 aniversario de Fontana, el gobernador Leandro Zdero junto a la vicegobernadora Silvana Schneider y al intendente Fernando Cuadra, inauguraron este domingo el nuevo Centro de Monitoreo en la ciudad, una obra clave dentro del plan integral y estrat\u00e9gico de la seguridad provincial.El espacio permitir\u00e1 ampliar la capacidad de videovigilancia con [&hellip;]<\/p>\n","protected":false},"author":2,"featured_media":12458,"comment_status":"open","ping_status":"open","sticky":false,"template":"","format":"standard","meta":{"footnotes":""},"categories":[28],"tags":[],"class_list":{"0":"post-12454","1":"post","2":"type-post","3":"status-publish","4":"format-standard","5":"has-post-thumbnail","7":"category-locales"},"aioseo_notices":[],"_links":{"self":[{"href":"https:\/\/lalupa24.com.ar\/index.php\/wp-json\/wp\/v2\/posts\/12454","targetHints":{"allow":["GET"]}}],"collection":[{"href":"https:\/\/lalupa24.com.ar\/index.php\/wp-json\/wp\/v2\/posts"}],"about":[{"href":"https:\/\/lalupa24.com.ar\/index.php\/wp-json\/wp\/v2\/types\/post"}],"author":[{"embeddable":true,"href":"https:\/\/lalupa24.com.ar\/index.php\/wp-json\/wp\/v2\/users\/2"}],"replies":[{"embeddable":true,"href":"https:\/\/lalupa24.com.ar\/index.php\/wp-json\/wp\/v2\/comments?post=12454"}],"version-history":[{"count":1,"href":"https:\/\/lalupa24.com.ar\/index.php\/wp-json\/wp\/v2\/posts\/12454\/revisions"}],"predecessor-version":[{"id":12460,"href":"https:\/\/lalupa24.com.ar\/index.php\/wp-json\/wp\/v2\/posts\/12454\/revisions\/12460"}],"wp:featuredmedia":[{"embeddable":true,"href":"https:\/\/lalupa24.com.ar\/index.php\/wp-json\/wp\/v2\/media\/12458"}],"wp:attachment":[{"href":"https:\/\/lalupa24.com.ar\/index.php\/wp-json\/wp\/v2\/media?parent=12454"}],"wp:term":[{"taxonomy":"category","embeddable":true,"href":"https:\/\/lalupa24.com.ar\/index.php\/wp-json\/wp\/v2\/categories?post=12454"},{"taxonomy":"post_tag","embeddable":true,"href":"https:\/\/lalupa24.com.ar\/index.php\/wp-json\/wp\/v2\/tags?post=12454"}],"curies":[{"name":"wp","href":"https:\/\/api.w.org\/{rel}","templated":true}]}}