{"id":12459,"date":"2025-09-30T11:41:00","date_gmt":"2025-09-30T14:41:00","guid":{"rendered":"https:\/\/lalupa24.com.ar\/?p=12459"},"modified":"2025-09-30T12:42:44","modified_gmt":"2025-09-30T15:42:44","slug":"macri-confirmo-reunion-con-milei-en-olivos-y-revelo-que-hablaron-la-verdad-de-lo-que-pienso-del-pais","status":"publish","type":"post","link":"https:\/\/lalupa24.com.ar\/index.php\/2025\/09\/30\/macri-confirmo-reunion-con-milei-en-olivos-y-revelo-que-hablaron-la-verdad-de-lo-que-pienso-del-pais\/","title":{"rendered":"Macri confirm\u00f3 reuni\u00f3n con Milei en Olivos y revel\u00f3 qu\u00e9 hablaron: \u201cLa verdad de lo que pienso del pa\u00eds\u201d"},"content":{"rendered":"\n<p>El ex presidente public\u00f3 en X los detalles del encuentro del domingo. \u201cEs bueno haber retomado el di\u00e1logo despu\u00e9s de m\u00e1s de un a\u00f1o\u201d, asegur\u00f3. Milei lo confirm\u00f3.<\/p>\n\n\n\n<p>El ex presidente Mauricio Macri confirm\u00f3 este martes a trav\u00e9s de sus redes sociales que mantuvo una &#8220;larga reuni\u00f3n&#8221; con el presidente Javier Milei y el jefe de Gabinete, Guillermo Francos, el pasado domingo en la Quinta de Olivos. En una publicaci\u00f3n en su cuenta de X, Macri celebr\u00f3 el reinicio de las conversaciones y detall\u00f3 el tono del encuentro.<\/p>\n\n\n\n<p>&#8220;El domingo tuvimos una larga reuni\u00f3n con el presidente Milei y Guillermo Francos en la Quinta de Olivos. Es bueno haber retomado el di\u00e1logo despu\u00e9s de m\u00e1s un a\u00f1o&#8221;, escribi\u00f3 el ex mandatario.<\/p>\n\n\n\n<p>Macri confirm\u00f3 reuni\u00f3n con Milei en Olivos y revel\u00f3 qu\u00e9 hablaron: \u201cLa verdad de lo que pienso del pa\u00eds\u201d<\/p>\n\n\n\n<p>&#8220;Decirle la verdad al Presidente&#8221;: El foco del encuentro seg\u00fan Macri<\/p>\n\n\n\n<p>En su posteo, el fundador del PRO revel\u00f3 cu\u00e1l fue el eje de la conversaci\u00f3n y el esp\u00edritu con el que se acerc\u00f3 al encuentro. Seg\u00fan sus palabras, la reuni\u00f3n tuvo &#8220;siempre la misma vocaci\u00f3n: decirle la verdad al presidente sobre lo que pienso de la situaci\u00f3n del pa\u00eds y encontrar las oportunidades para trabajar para que la Argentina salga adelante&#8221;.<\/p>\n\n\n\n<p>El mensaje de Macri pone fin a las especulaciones y oficializa el restablecimiento de un v\u00ednculo que se hab\u00eda mantenido en silencio durante m\u00e1s de un a\u00f1o, marcando un punto de inflexi\u00f3n en la relaci\u00f3n entre los dos l\u00edderes.<\/p>\n\n\n\n<p>Milei confirm\u00f3 el di\u00e1logo: &#8220;Le di las gracias y lo retomamos&#8221;<\/p>\n\n\n\n<p>La versi\u00f3n de Macri fue ratificada por el propio Javier Milei, quien en una entrevista con Antonio Laje en A24, cont\u00f3 c\u00f3mo se gest\u00f3 el acercamiento. &#8220;Le escrib\u00ed a Mauricio Macri y le di las gracias por las declaraciones generosas que tuvo en las \u00faltimas semanas&#8221;, explic\u00f3 el Presidente.<\/p>\n\n\n\n<p>&#8220;A partir de ah\u00ed retomamos el di\u00e1logo y estamos trabajando en recomponerlo. La verdad es que nos llevamos muy bien, por m\u00e1s que en un a\u00f1o no hablamos&#8221;, sentenci\u00f3 Milei, confirmando la buena sinton\u00eda del encuentro del fin de semana.<\/p>\n","protected":false},"excerpt":{"rendered":"<p>El ex presidente public\u00f3 en X los detalles del encuentro del domingo. \u201cEs bueno haber retomado el di\u00e1logo despu\u00e9s de m\u00e1s de un a\u00f1o\u201d, asegur\u00f3. Milei lo confirm\u00f3. El ex presidente Mauricio Macri confirm\u00f3 este martes a trav\u00e9s de sus redes sociales que mantuvo una &#8220;larga reuni\u00f3n&#8221; con el presidente Javier Milei y el jefe [&hellip;]<\/p>\n","protected":false},"author":11,"featured_media":12461,"comment_status":"open","ping_status":"open","sticky":false,"template":"","format":"standard","meta":{"footnotes":""},"categories":[26],"tags":[],"class_list":{"0":"post-12459","1":"post","2":"type-post","3":"status-publish","4":"format-standard","5":"has-post-thumbnail","7":"category-nacionales"},"aioseo_notices":[],"_links":{"self":[{"href":"https:\/\/lalupa24.com.ar\/index.php\/wp-json\/wp\/v2\/posts\/12459","targetHints":{"allow":["GET"]}}],"collection":[{"href":"https:\/\/lalupa24.com.ar\/index.php\/wp-json\/wp\/v2\/posts"}],"about":[{"href":"https:\/\/lalupa24.com.ar\/index.php\/wp-json\/wp\/v2\/types\/post"}],"author":[{"embeddable":true,"href":"https:\/\/lalupa24.com.ar\/index.php\/wp-json\/wp\/v2\/users\/11"}],"replies":[{"embeddable":true,"href":"https:\/\/lalupa24.com.ar\/index.php\/wp-json\/wp\/v2\/comments?post=12459"}],"version-history":[{"count":1,"href":"https:\/\/lalupa24.com.ar\/index.php\/wp-json\/wp\/v2\/posts\/12459\/revisions"}],"predecessor-version":[{"id":12462,"href":"https:\/\/lalupa24.com.ar\/index.php\/wp-json\/wp\/v2\/posts\/12459\/revisions\/12462"}],"wp:featuredmedia":[{"embeddable":true,"href":"https:\/\/lalupa24.com.ar\/index.php\/wp-json\/wp\/v2\/media\/12461"}],"wp:attachment":[{"href":"https:\/\/lalupa24.com.ar\/index.php\/wp-json\/wp\/v2\/media?parent=12459"}],"wp:term":[{"taxonomy":"category","embeddable":true,"href":"https:\/\/lalupa24.com.ar\/index.php\/wp-json\/wp\/v2\/categories?post=12459"},{"taxonomy":"post_tag","embeddable":true,"href":"https:\/\/lalupa24.com.ar\/index.php\/wp-json\/wp\/v2\/tags?post=12459"}],"curies":[{"name":"wp","href":"https:\/\/api.w.org\/{rel}","templated":true}]}}