{"id":12463,"date":"2025-09-28T12:43:31","date_gmt":"2025-09-28T15:43:31","guid":{"rendered":"https:\/\/lalupa24.com.ar\/?p=12463"},"modified":"2025-09-30T12:47:51","modified_gmt":"2025-09-30T15:47:51","slug":"pplan-provincial-de-seeguridad-el-gobernador-zdero-inauguro-la-renovada-comisaria-segunda-de-fontana","status":"publish","type":"post","link":"https:\/\/lalupa24.com.ar\/index.php\/2025\/09\/28\/pplan-provincial-de-seeguridad-el-gobernador-zdero-inauguro-la-renovada-comisaria-segunda-de-fontana\/","title":{"rendered":"Pplan provincial de seeguridad, el gobernador Zdero inaugur\u00f3 la renovada comisar\u00eda segunda de Fontana"},"content":{"rendered":"\n<h4 class=\"wp-block-heading\"><\/h4>\n\n\n\n<p>El Gobernador Leandro Zdero junto a la vicegobernadora Silvana Schneider, al intendente de Fontana, Fernando Cuadra, a los ministros de Seguridad e Infraestructura, Hugo Matkovich y Hugo Dom\u00ednguez inauguraron la ampliaci\u00f3n y refacci\u00f3n integral de la Comisar\u00eda Segunda, en el marco del plan provincial de modernizaci\u00f3n e infraestructura en seguridad. La obra fue financiada con recursos provinciales.<\/p>\n\n\n\n<p>El primer mandatario provincial destac\u00f3 que la obra forma parte del plan de seguridad provincial, junto a nuevas plazas penitenciarias, entrega de m\u00f3viles y tecnolog\u00eda de monitoreo.<br>\u201cEstamos dando cumplimiento con nuestro plan de seguridad que tiene resultados \u00f3ptimos. No s\u00f3lo se trata de infraestructura, tambi\u00e9n seguimos trabajando para m\u00e1s patrulleros, c\u00e1maras y recursos humanos\u201d, se\u00f1al\u00f3.<br>Por su parte, el ministro de Seguridad, Hugo Matkovich, resalt\u00f3 que la obra fue pr\u00e1cticamente una reconstrucci\u00f3n y atendi\u00f3 demandas del Superior Tribunal de Justicia. Adem\u00e1s, valor\u00f3 la inauguraci\u00f3n del nuevo centro de monitoreo de Fontana, que comenzar\u00e1 con m\u00e1s de 30 c\u00e1maras y se proyecta llegar a 100.<br>En tanto, el ministro de Infraestructura, Hugo Dom\u00ednguez, indic\u00f3 que esta intervenci\u00f3n se suma a otras realizadas en la provincia: \u201cRecibimos comisar\u00edas abarrotadas de detenidos. Hoy, con nuevas alcald\u00edas y refacciones, estamos ordenando el sistema y mejorando las condiciones de la fuerza\u201d.<\/p>\n\n\n\n<p>Cuadra: \u201cNo es solamente infraestructura, es tranquilidad\u201d<br>Por \u00faltimo, el intendente de Fontana, Fernando Cuadra, agradeci\u00f3 la obra en el marco del 109\u00b0 aniversario de la ciudad. \u201cNo es solamente infraestructura, es tranquilidad y paz para los vecinos, y un reconocimiento al personal policial que ahora trabaja en mejores condiciones\u201d, concluy\u00f3<\/p>\n","protected":false},"excerpt":{"rendered":"<p>El Gobernador Leandro Zdero junto a la vicegobernadora Silvana Schneider, al intendente de Fontana, Fernando Cuadra, a los ministros de Seguridad e Infraestructura, Hugo Matkovich y Hugo Dom\u00ednguez inauguraron la ampliaci\u00f3n y refacci\u00f3n integral de la Comisar\u00eda Segunda, en el marco del plan provincial de modernizaci\u00f3n e infraestructura en seguridad. La obra fue financiada con [&hellip;]<\/p>\n","protected":false},"author":2,"featured_media":12467,"comment_status":"open","ping_status":"open","sticky":false,"template":"","format":"standard","meta":{"footnotes":""},"categories":[28],"tags":[],"class_list":{"0":"post-12463","1":"post","2":"type-post","3":"status-publish","4":"format-standard","5":"has-post-thumbnail","7":"category-locales"},"aioseo_notices":[],"_links":{"self":[{"href":"https:\/\/lalupa24.com.ar\/index.php\/wp-json\/wp\/v2\/posts\/12463","targetHints":{"allow":["GET"]}}],"collection":[{"href":"https:\/\/lalupa24.com.ar\/index.php\/wp-json\/wp\/v2\/posts"}],"about":[{"href":"https:\/\/lalupa24.com.ar\/index.php\/wp-json\/wp\/v2\/types\/post"}],"author":[{"embeddable":true,"href":"https:\/\/lalupa24.com.ar\/index.php\/wp-json\/wp\/v2\/users\/2"}],"replies":[{"embeddable":true,"href":"https:\/\/lalupa24.com.ar\/index.php\/wp-json\/wp\/v2\/comments?post=12463"}],"version-history":[{"count":1,"href":"https:\/\/lalupa24.com.ar\/index.php\/wp-json\/wp\/v2\/posts\/12463\/revisions"}],"predecessor-version":[{"id":12468,"href":"https:\/\/lalupa24.com.ar\/index.php\/wp-json\/wp\/v2\/posts\/12463\/revisions\/12468"}],"wp:featuredmedia":[{"embeddable":true,"href":"https:\/\/lalupa24.com.ar\/index.php\/wp-json\/wp\/v2\/media\/12467"}],"wp:attachment":[{"href":"https:\/\/lalupa24.com.ar\/index.php\/wp-json\/wp\/v2\/media?parent=12463"}],"wp:term":[{"taxonomy":"category","embeddable":true,"href":"https:\/\/lalupa24.com.ar\/index.php\/wp-json\/wp\/v2\/categories?post=12463"},{"taxonomy":"post_tag","embeddable":true,"href":"https:\/\/lalupa24.com.ar\/index.php\/wp-json\/wp\/v2\/tags?post=12463"}],"curies":[{"name":"wp","href":"https:\/\/api.w.org\/{rel}","templated":true}]}}