{"id":12470,"date":"2025-09-29T12:50:45","date_gmt":"2025-09-29T15:50:45","guid":{"rendered":"https:\/\/lalupa24.com.ar\/?p=12470"},"modified":"2025-09-30T12:52:44","modified_gmt":"2025-09-30T15:52:44","slug":"con-mesa-ampliada-se-llevo-a-cabo-la-cuarta-reunion-del-consejo-de-mayo","status":"publish","type":"post","link":"https:\/\/lalupa24.com.ar\/index.php\/2025\/09\/29\/con-mesa-ampliada-se-llevo-a-cabo-la-cuarta-reunion-del-consejo-de-mayo\/","title":{"rendered":"Con mesa ampliada, se llev\u00f3 a cabo la cuarta reuni\u00f3n del Consejo de Mayo"},"content":{"rendered":"\n<p>La mesa multisectorial se reuni\u00f3 este lunes con la conversaci\u00f3n puesta en una iniciativa de reforma tributaria.<\/p>\n\n\n\n<p>Con mesa ampliada, se llev\u00f3 a cabo este lunes en el Sal\u00f3n de los Escudos de la Casa Rosada la cuarta reuni\u00f3n del Consejo de Mayo, encabezado por su presidente, el jefe de Gabinete, Guillermo Francos.<\/p>\n\n\n\n<p>Durante el encuentro, que iba a realizarse d\u00edas atr\u00e1s pero se posterg\u00f3 una semana, los representantes del Poder Ejecutivo, el Poder Legislativo, los gobernadores, el sector empresario y sindical abordaron la discusi\u00f3n sobre una iniciativa de reforma tributaria.<\/p>\n\n\n\n<p>La reforma impositiva, junto a la laboral y previsional, forma parte de los temas que el gobierno de Javier Milei pretende llevar al recinto el a\u00f1o pr\u00f3ximo, tras el recambio parlamentario.<\/p>\n\n\n\n<p>Participaron este lunes los consejeros Federico Sturzenegger, ministro de ministro de Desregulaci\u00f3n y Transformaci\u00f3n del Estado; el gobernador de Mendoza, Alfredo Cornejo; la senadora nacional Carolina Losada (UCR); el diputado nacional Cristian Ritondo (Pro); el secretario general de la UOCRA, Gerardo Mart\u00ednez; el presidente de la UIA, Mart\u00edn Rappallini; y la secretar\u00eda t\u00e9cnica del Consejo de Mayo, Cecilia Dom\u00ednguez.<\/p>\n\n\n\n<p>En esta oportunidad tambi\u00e9n estuvieron el secretario de Hacienda, Carlos Guberman; el secretario de Trabajo, Julio Cordero; los diputados nacionales Lisandro Nieri (UCR) y Luciano Laspina (Pro); el senador de la provincia de Mendoza Mart\u00edn Kerchner; el director ejecutivo y economista jefe de la UIA, Diego Coatz; y el presidente del departamento de Pol\u00edtica Tributaria de la UIA, Carlos Abeledo.<\/p>\n\n\n\n<p>Se trata de la cuarta reuni\u00f3n del organismo que trabaja en un informe final que aspira a presentar durante el mes de diciembre en el Congreso Nacional. En los primeros tres encuentros el temario gir\u00f3 en torno a la reforma laboral y a la educaci\u00f3n.<\/p>\n","protected":false},"excerpt":{"rendered":"<p>La mesa multisectorial se reuni\u00f3 este lunes con la conversaci\u00f3n puesta en una iniciativa de reforma tributaria. Con mesa ampliada, se llev\u00f3 a cabo este lunes en el Sal\u00f3n de los Escudos de la Casa Rosada la cuarta reuni\u00f3n del Consejo de Mayo, encabezado por su presidente, el jefe de Gabinete, Guillermo Francos. Durante el [&hellip;]<\/p>\n","protected":false},"author":11,"featured_media":12472,"comment_status":"open","ping_status":"open","sticky":false,"template":"","format":"standard","meta":{"footnotes":""},"categories":[26],"tags":[],"class_list":{"0":"post-12470","1":"post","2":"type-post","3":"status-publish","4":"format-standard","5":"has-post-thumbnail","7":"category-nacionales"},"aioseo_notices":[],"_links":{"self":[{"href":"https:\/\/lalupa24.com.ar\/index.php\/wp-json\/wp\/v2\/posts\/12470","targetHints":{"allow":["GET"]}}],"collection":[{"href":"https:\/\/lalupa24.com.ar\/index.php\/wp-json\/wp\/v2\/posts"}],"about":[{"href":"https:\/\/lalupa24.com.ar\/index.php\/wp-json\/wp\/v2\/types\/post"}],"author":[{"embeddable":true,"href":"https:\/\/lalupa24.com.ar\/index.php\/wp-json\/wp\/v2\/users\/11"}],"replies":[{"embeddable":true,"href":"https:\/\/lalupa24.com.ar\/index.php\/wp-json\/wp\/v2\/comments?post=12470"}],"version-history":[{"count":1,"href":"https:\/\/lalupa24.com.ar\/index.php\/wp-json\/wp\/v2\/posts\/12470\/revisions"}],"predecessor-version":[{"id":12474,"href":"https:\/\/lalupa24.com.ar\/index.php\/wp-json\/wp\/v2\/posts\/12470\/revisions\/12474"}],"wp:featuredmedia":[{"embeddable":true,"href":"https:\/\/lalupa24.com.ar\/index.php\/wp-json\/wp\/v2\/media\/12472"}],"wp:attachment":[{"href":"https:\/\/lalupa24.com.ar\/index.php\/wp-json\/wp\/v2\/media?parent=12470"}],"wp:term":[{"taxonomy":"category","embeddable":true,"href":"https:\/\/lalupa24.com.ar\/index.php\/wp-json\/wp\/v2\/categories?post=12470"},{"taxonomy":"post_tag","embeddable":true,"href":"https:\/\/lalupa24.com.ar\/index.php\/wp-json\/wp\/v2\/tags?post=12470"}],"curies":[{"name":"wp","href":"https:\/\/api.w.org\/{rel}","templated":true}]}}