{"id":12492,"date":"2025-09-30T13:28:19","date_gmt":"2025-09-30T16:28:19","guid":{"rendered":"https:\/\/lalupa24.com.ar\/?p=12492"},"modified":"2025-09-30T13:28:20","modified_gmt":"2025-09-30T16:28:20","slug":"milei-no-tengo-dudas-de-que-vamos-a-ganar-el-26-de-octubre","status":"publish","type":"post","link":"https:\/\/lalupa24.com.ar\/index.php\/2025\/09\/30\/milei-no-tengo-dudas-de-que-vamos-a-ganar-el-26-de-octubre\/","title":{"rendered":"Milei: \u201cNo tengo dudas de que vamos a ganar el 26 de octubre\u201d"},"content":{"rendered":"\n<p>El mandatario critic\u00f3 con dureza al kirchnerismo, sobre el cual dijo \u201cson el partido del Estado y est\u00e1n tratando de romper todo\u201d.<\/p>\n\n\n\n<p>El presidente Javier Milei asegur\u00f3 no tener dudas \u201cdel triunfo\u201d de La Libertad Avanza en las elecciones nacionales de octubre, relativiz\u00f3 la derrota en los comicios bonaerenses por ser \u201cdistritales y no nacionales\u201d, y desestim\u00f3 las acusaciones contra su hermana, Karina Milei, por las supuestas irregularidades en la Agencia Nacional de Discapacidad (ANDIS).<\/p>\n\n\n\n<p>Adem\u00e1s respald\u00f3 al candidato Jos\u00e9 Luis Espert, denunciado por relaciones con el narcotr\u00e1fico, respald\u00f3 a Mart\u00edn y Eduardo \u2018Lule\u2019 Menem, y critic\u00f3 con dureza al kirchnerismo, del que dijo \u201cson el partido del Estado y est\u00e1n tratando de romper todo\u201d y los compar\u00f3 con \u201cuna banda de forajidos\u201d (material por separado).<\/p>\n\n\n\n<p>\u201cNo tengo dudas de que vamos a ganar el 26 de octubre\u201d vaticin\u00f3 el mandatario, al tiempo que dijo que luego de ese triunfo \u201cva a haber una fuerte baja de la volatilidad\u201d, porque \u201cel escenario futuro va a estar claro\u201d y va a desaparecer \u201cla incertidumbre de hoy generada por el ruido de la oposici\u00f3n\u201d.<\/p>\n\n\n\n<p>Asever\u00f3 que de cara a las elecciones \u201cla \u00fanica propuesta de la oposici\u00f3n es romper todo lo que hicimos nosotros, con un gran nivel de irracionalidad\u201d, y sostuvo que solo \u201clos gerentes de la pobreza estaban mejor con el Gobierno anterior.<\/p>\n\n\n\n<p>En ese marco encuadr\u00f3 las agresiones sufridas ayer en Tierra del Fuego, donde Milei debi\u00f3 cancelar una caminata en Ushuaia ante la presencia de manifestantes contrarios a su Gobierno.<\/p>\n\n\n\n<p>Se\u00f1al\u00f3 que en Tierra del Fuego \u201cnos topamos con los violentos de siempre, en otra muestra de intolerancia de facciones del kirchnerismo que llamaron a hacer un escrache y a tener consignas violentas. Tambi\u00e9n lo hicieron en Lomas de Zamora, y nos amenazaron cuando hicimos un acto en Moreno. Est\u00e1n mostrando la peor cara que tienen\u201d, afirm\u00f3.<\/p>\n\n\n\n<p>Tras destacar que \u201cel kirchnerismo tiene como habito si no est\u00e1 en el poder destrozar\u201d, pidi\u00f3 que \u201cla gente tenga conciencia de que ellos, que acusan de fascistas a todo el mundo, son los verdaderos fascistas\u201d.<\/p>\n\n\n\n<p>De inmediato asegur\u00f3: \u201cGente descontenta puede haber, pero yo salgo a la calle y nunca tengo problemas. Puede haber alguien que se queje, pero es parte de la vida democr\u00e1tica y se resuelve en las urnas\u201d, djo en una entrevista con la se\u00f1al de noticias A24.<\/p>\n\n\n\n<p>Ante una consulta sobre los audios atribuidos al ex director de la ANDIS, Diego Spagnuolo, enfatiz\u00f3 que \u201clo que dice (en los audios) es falso\u201d, y explic\u00f3 que \u201cen pol\u00edtica hay mucha gente que se dedica a hablar pestes de otras personas, se juntan con otros y hablan pestes de todos y despu\u00e9s no hay pruebas de nada. Yo los llamo chimentos de peluquer\u00eda\u201d.<\/p>\n\n\n\n<p>Indico que Spagnuolo fue desplazado del cargo porque si conoc\u00eda irregularidades \u201cdeber\u00eda haberlas denunciado en cumplimiento de los deberes de funcionario p\u00fablico\u201d, desestim\u00f3 que su hermana y secretaria general de la Presidencia, Karina Milei, haya estado involucrada y considero normal que no se haya expresado sobre ese tema.<\/p>\n\n\n\n<p>\u201cMi hermana es una persona que no habla mucho, por qu\u00e9 deber\u00eda cambiar su forma de ser. Es rid\u00edculo, cuando llegamos al Gobierno la ANDIS estaba bajo la \u00f3rbita de la secretar\u00eda general, mi hermana la mand\u00f3 a Capital Humano, y Sandra (por Pettovello)&nbsp; la deriv\u00f3 al Ministerio de Salud\u201d.<\/p>\n\n\n\n<p>Tras recalcar que la ANDIS pod\u00eda haber seguido bajo la \u00f3rbita de la Secretar\u00eda General, dijo que \u201csi te pod\u00e9s quedar con el 100 por ciento, por qu\u00e9 te vas a quedar con el 3\u201d.<\/p>\n\n\n\n<p>Adem\u00e1s, relacion\u00f3 esas denuncias con \u201cuna red de espionaje paralelo para espiar al Poder Ejecutivo\u201d, y menciono que \u00e9l mismo \u201cya hab\u00eda hecho una denuncia contra (Jorge) Rial y (Mauro) Federico, que termin\u00f3 confesando que hab\u00edan montado una red de espionaje sobre mis perros\u201d.<\/p>\n\n\n\n<p>Milei dijo adem\u00e1s comprender \u201cla percepci\u00f3n\u201d de sectores populares que pueden no ver mejoras en lo econ\u00f3mico, pero resalt\u00f3 que lo importante \u201ces el mensaje hacia adelante\u201d, y destac\u00f3 mejoras como \u201cla inflaci\u00f3n a la baja, que han salido de la pobreza 12 millones de personas y de la indigencia 6 millones\u201d.<\/p>\n\n\n\n<p>\u201c\u00bfLa situaci\u00f3n esta dura? S\u00ed, complicad\u00edsima porque hay un 31 % de pobres pero no se resuelve en un chasquido de dedos\u201d, asever\u00f3.<\/p>\n\n\n\n<p>Explic\u00f3 que debido a un \u201ccontexto electoral que era positivo para el Gobierno\u201d, desde la oposici\u00f3n\u201d salieron a romper todo\u201d, y como ejemplo menciono que \u201cdesde el Congreso de la Naci\u00f3n hay una vocaci\u00f3n destructiva\u201d con la \u201cconsecuencia de que aument\u00f3 el riesgo pa\u00eds, se dispar\u00f3 la tasa de inter\u00e9s y se fren\u00f3 la actividad econ\u00f3mica\u201d.<\/p>\n\n\n\n<p>Sin embargo, Milei asegur\u00f3 que despu\u00e9s de un triunfo electoral de La Libertad Avanza \u201cel escenario futuro va a estar claro\u201d, y se dejar\u00e1 de lado \u201cla incertidumbre generada por una oposici\u00f3n cuya \u00fanica propuesta es romper lo que hicimos nosotros\u201d.<\/p>\n\n\n\n<p>El Presidente asegur\u00f3 que tras los comicios de octubre encarar\u00e1 una agenda de reformas como \u201cla tributaria, la laboral y la apertura de la econom\u00eda\u201d y sostuvo que \u201cdesregular el mercado laboral creara muchos puestos de trabajo. De hecho ya la estamos negociando\u201d, expres\u00f3.<\/p>\n","protected":false},"excerpt":{"rendered":"<p>El mandatario critic\u00f3 con dureza al kirchnerismo, sobre el cual dijo \u201cson el partido del Estado y est\u00e1n tratando de romper todo\u201d. El presidente Javier Milei asegur\u00f3 no tener dudas \u201cdel triunfo\u201d de La Libertad Avanza en las elecciones nacionales de octubre, relativiz\u00f3 la derrota en los comicios bonaerenses por ser \u201cdistritales y no nacionales\u201d, [&hellip;]<\/p>\n","protected":false},"author":11,"featured_media":12493,"comment_status":"open","ping_status":"open","sticky":false,"template":"","format":"standard","meta":{"footnotes":""},"categories":[26],"tags":[],"class_list":{"0":"post-12492","1":"post","2":"type-post","3":"status-publish","4":"format-standard","5":"has-post-thumbnail","7":"category-nacionales"},"aioseo_notices":[],"_links":{"self":[{"href":"https:\/\/lalupa24.com.ar\/index.php\/wp-json\/wp\/v2\/posts\/12492","targetHints":{"allow":["GET"]}}],"collection":[{"href":"https:\/\/lalupa24.com.ar\/index.php\/wp-json\/wp\/v2\/posts"}],"about":[{"href":"https:\/\/lalupa24.com.ar\/index.php\/wp-json\/wp\/v2\/types\/post"}],"author":[{"embeddable":true,"href":"https:\/\/lalupa24.com.ar\/index.php\/wp-json\/wp\/v2\/users\/11"}],"replies":[{"embeddable":true,"href":"https:\/\/lalupa24.com.ar\/index.php\/wp-json\/wp\/v2\/comments?post=12492"}],"version-history":[{"count":1,"href":"https:\/\/lalupa24.com.ar\/index.php\/wp-json\/wp\/v2\/posts\/12492\/revisions"}],"predecessor-version":[{"id":12495,"href":"https:\/\/lalupa24.com.ar\/index.php\/wp-json\/wp\/v2\/posts\/12492\/revisions\/12495"}],"wp:featuredmedia":[{"embeddable":true,"href":"https:\/\/lalupa24.com.ar\/index.php\/wp-json\/wp\/v2\/media\/12493"}],"wp:attachment":[{"href":"https:\/\/lalupa24.com.ar\/index.php\/wp-json\/wp\/v2\/media?parent=12492"}],"wp:term":[{"taxonomy":"category","embeddable":true,"href":"https:\/\/lalupa24.com.ar\/index.php\/wp-json\/wp\/v2\/categories?post=12492"},{"taxonomy":"post_tag","embeddable":true,"href":"https:\/\/lalupa24.com.ar\/index.php\/wp-json\/wp\/v2\/tags?post=12492"}],"curies":[{"name":"wp","href":"https:\/\/api.w.org\/{rel}","templated":true}]}}