{"id":12504,"date":"2025-09-29T01:47:00","date_gmt":"2025-09-29T04:47:00","guid":{"rendered":"https:\/\/lalupa24.com.ar\/?p=12504"},"modified":"2025-09-30T13:48:55","modified_gmt":"2025-09-30T16:48:55","slug":"llaryora-y-schiaretti-desembarcan-en-chubut-para-el-encuentro-de-provincias-unidas","status":"publish","type":"post","link":"https:\/\/lalupa24.com.ar\/index.php\/2025\/09\/29\/llaryora-y-schiaretti-desembarcan-en-chubut-para-el-encuentro-de-provincias-unidas\/","title":{"rendered":"Llaryora y Schiaretti desembarcan en Chubut para el encuentro de Provincias Unidas"},"content":{"rendered":"\n<p>Puerto Madryn ser\u00e1 sede de una jornada clave para la coalici\u00f3n Provincias Unidas. Gobernadores y referentes pol\u00edticos se reunir\u00e1n con una agenda cargada de actividades productivas y electorales.<\/p>\n\n\n\n<p>Mart\u00edn Llaryora, gobernador de C\u00f3rdoba, y Juan Schiaretti, exmandatario provincial y actual candidato a diputado nacional, encabezar\u00e1n la delegaci\u00f3n cordobesa en el encuentro que busca consolidar la presencia de Provincias Unidas en la Patagonia. La cita se enmarca en el tramo final de la campa\u00f1a electoral de cara a octubre y se llevar\u00e1 a cabo este martes.<\/p>\n\n\n\n<p>Junto a ellos estar\u00e1n los gobernadores Gustavo Vald\u00e9s (Corrientes), Carlos Sadir (Jujuy), Maximiliano Pullaro (Santa Fe) e Ignacio Torres, anfitri\u00f3n del evento en Chubut. La \u00fanica ausencia ser\u00e1 la de Claudio Vidal, mandatario de Santa Cruz, quien no participar\u00e1 en esta ocasi\u00f3n.<\/p>\n\n\n\n<p>La jornada comenzar\u00e1 a las 10.00 con una visita a la planta de aluminio ALUAR, uno de los polos industriales m\u00e1s importantes de la regi\u00f3n. All\u00ed, los mandatarios recorrer\u00e1n las instalaciones y mantendr\u00e1n reuniones con autoridades locales y empresarios.<\/p>\n\n\n\n<p>A las 11.30 tendr\u00e1 lugar el acto central de Provincias Unidas en el Hotel Rayentray, ubicado sobre el boulevard Almirante Brown. El evento ser\u00e1 seguido por una conferencia de prensa con transmisi\u00f3n en vivo, donde se espera que los gobernadores expongan los lineamientos pol\u00edticos y econ\u00f3micos de la coalici\u00f3n.<\/p>\n\n\n\n<p>El almuerzo compartido a las 12.30 cerrar\u00e1 la jornada, que se perfila como un nuevo hito en la consolidaci\u00f3n de Provincias Unidas como fuerza pol\u00edtica nacional. El encuentro en Puerto Madryn refuerza la estrategia de visibilizaci\u00f3n territorial y coordinaci\u00f3n entre los l\u00edderes provinciales.<\/p>\n","protected":false},"excerpt":{"rendered":"<p>Puerto Madryn ser\u00e1 sede de una jornada clave para la coalici\u00f3n Provincias Unidas. Gobernadores y referentes pol\u00edticos se reunir\u00e1n con una agenda cargada de actividades productivas y electorales. Mart\u00edn Llaryora, gobernador de C\u00f3rdoba, y Juan Schiaretti, exmandatario provincial y actual candidato a diputado nacional, encabezar\u00e1n la delegaci\u00f3n cordobesa en el encuentro que busca consolidar la [&hellip;]<\/p>\n","protected":false},"author":11,"featured_media":12505,"comment_status":"open","ping_status":"open","sticky":false,"template":"","format":"standard","meta":{"footnotes":""},"categories":[26],"tags":[],"class_list":{"0":"post-12504","1":"post","2":"type-post","3":"status-publish","4":"format-standard","5":"has-post-thumbnail","7":"category-nacionales"},"aioseo_notices":[],"_links":{"self":[{"href":"https:\/\/lalupa24.com.ar\/index.php\/wp-json\/wp\/v2\/posts\/12504","targetHints":{"allow":["GET"]}}],"collection":[{"href":"https:\/\/lalupa24.com.ar\/index.php\/wp-json\/wp\/v2\/posts"}],"about":[{"href":"https:\/\/lalupa24.com.ar\/index.php\/wp-json\/wp\/v2\/types\/post"}],"author":[{"embeddable":true,"href":"https:\/\/lalupa24.com.ar\/index.php\/wp-json\/wp\/v2\/users\/11"}],"replies":[{"embeddable":true,"href":"https:\/\/lalupa24.com.ar\/index.php\/wp-json\/wp\/v2\/comments?post=12504"}],"version-history":[{"count":1,"href":"https:\/\/lalupa24.com.ar\/index.php\/wp-json\/wp\/v2\/posts\/12504\/revisions"}],"predecessor-version":[{"id":12506,"href":"https:\/\/lalupa24.com.ar\/index.php\/wp-json\/wp\/v2\/posts\/12504\/revisions\/12506"}],"wp:featuredmedia":[{"embeddable":true,"href":"https:\/\/lalupa24.com.ar\/index.php\/wp-json\/wp\/v2\/media\/12505"}],"wp:attachment":[{"href":"https:\/\/lalupa24.com.ar\/index.php\/wp-json\/wp\/v2\/media?parent=12504"}],"wp:term":[{"taxonomy":"category","embeddable":true,"href":"https:\/\/lalupa24.com.ar\/index.php\/wp-json\/wp\/v2\/categories?post=12504"},{"taxonomy":"post_tag","embeddable":true,"href":"https:\/\/lalupa24.com.ar\/index.php\/wp-json\/wp\/v2\/tags?post=12504"}],"curies":[{"name":"wp","href":"https:\/\/api.w.org\/{rel}","templated":true}]}}