{"id":12560,"date":"2025-09-30T19:32:23","date_gmt":"2025-09-30T22:32:23","guid":{"rendered":"https:\/\/lalupa24.com.ar\/?p=12560"},"modified":"2025-09-30T19:32:24","modified_gmt":"2025-09-30T22:32:24","slug":"oriana-sabatini-y-paulo-dybala-anuncian-que-seran-padres-por-primera-vez-en-un-post-viral","status":"publish","type":"post","link":"https:\/\/lalupa24.com.ar\/index.php\/2025\/09\/30\/oriana-sabatini-y-paulo-dybala-anuncian-que-seran-padres-por-primera-vez-en-un-post-viral\/","title":{"rendered":"ORIANA SABATINI y PAULO DYBALA anuncian que ser\u00e1n padres por primera vez en un post viral"},"content":{"rendered":"\n<p>La cantante <strong>ORIANA SABATINI<\/strong> y el futbolista de \u00e9lite <strong>PAULO DYBALA<\/strong> han capturado la atenci\u00f3n medi\u00e1tica global al anunciar que esperan a su primer hijo. La noticia fue comunicada a trav\u00e9s de las redes sociales con una emotiva fotograf\u00eda, generando una oleada de repercusi\u00f3n y felicitaciones por parte de figuras del deporte, el espect\u00e1culo y millones de seguidores. Este anuncio consolida a la pareja, que mantiene una relaci\u00f3n de larga data y recientemente se comprometi\u00f3, como una de las m\u00e1s influyentes de la nueva generaci\u00f3n en <strong>ARGENTINA<\/strong>.<\/p>\n\n\n\n<p>El anuncio se realiz\u00f3 de manera sincronizada en las cuentas de <strong>INSTAGRAM<\/strong> de ambos, donde la imagen de la pareja revelando la incipiente panza de <strong>SABATINI<\/strong> acumul\u00f3 r\u00e1pidamente millones de <em>likes<\/em> y comentarios. <strong>DYBALA<\/strong>, actual figura clave en la <strong>AS ROMA<\/strong> y en la <strong>SELECCI\u00d3N ARGENTINA<\/strong>, y <strong>SABATINI<\/strong>, consolidada como artista pop, han demostrado una conexi\u00f3n s\u00f3lida desde que iniciaron su relaci\u00f3n en 2018, un v\u00ednculo que siempre ha estado bajo el intenso escrutinio de la prensa deportiva y de espect\u00e1culos.<\/p>\n\n\n\n<p>El impacto de este anuncio no es menor en t\u00e9rminos de notoriedad, dado el pedigr\u00ed de ambas familias. <strong>PAULO DYBALA<\/strong> es una estrella global del f\u00fatbol, parte del n\u00facleo de la <strong>SELECCI\u00d3N CAMPEONA DEL MUNDO<\/strong>, mientras que <strong>ORIANA<\/strong> pertenece a un linaje medi\u00e1tico que incluye a su madre, la actriz <strong>CATHERINE FULOP<\/strong>, y a su t\u00eda, la leyenda del tenis <strong>GABRIELA SABATINI<\/strong>. Esto dota al futuro beb\u00e9 de una visibilidad inmediata que trasciende las fronteras nacionales.<\/p>\n\n\n\n<p>Desde el \u00e1mbito deportivo, la noticia se interpreta como un factor de estabilidad personal para <strong>DYBALA<\/strong> en un momento crucial de su carrera, tanto en el club italiano como en la planificaci\u00f3n de las pr\u00f3ximas copas continentales con la <strong>SELECCI\u00d3N<\/strong>. Seg\u00fan psic\u00f3logos deportivos, la estabilidad familiar es un componente esencial en el rendimiento de atletas de alto rendimiento, y este nuevo cap\u00edtulo podr\u00eda servir como un fuerte ancla emocional para el futbolista.<\/p>\n\n\n\n<p>La plataforma social de la pareja ha sido el principal canal de difusi\u00f3n, demostrando la capacidad de las celebridades de controlar y dirigir la narrativa de su vida privada sin la intermediaci\u00f3n de los medios tradicionales. El <em>post<\/em> no solo fue una noticia, sino un evento viral, con <em>hashtags<\/em> relacionados que se convirtieron en tendencia mundial a minutos de la publicaci\u00f3n, reflejando el poder de amplificaci\u00f3n que poseen estos \u00edconos digitales.<\/p>\n\n\n\n<p>La expectativa por el nacimiento ya se instala en el panorama medi\u00e1tico. La llegada de este nuevo miembro a la &#8220;realeza&#8221; del espect\u00e1culo y el deporte argentino garantiza una cobertura constante y pone de manifiesto c\u00f3mo la vida personal de las figuras p\u00fablicas de \u00e9lite se entrelaza con la esfera de la cultura popular masiva, proyectando su influencia m\u00e1s all\u00e1 de sus respectivas disciplinas profesionales.<\/p>\n","protected":false},"excerpt":{"rendered":"<p>La cantante ORIANA SABATINI y el futbolista de \u00e9lite PAULO DYBALA han capturado la atenci\u00f3n medi\u00e1tica global al anunciar que esperan a su primer hijo. La noticia fue comunicada a trav\u00e9s de las redes sociales con una emotiva fotograf\u00eda, generando una oleada de repercusi\u00f3n y felicitaciones por parte de figuras del deporte, el espect\u00e1culo y [&hellip;]<\/p>\n","protected":false},"author":2,"featured_media":12556,"comment_status":"open","ping_status":"open","sticky":false,"template":"","format":"standard","meta":{"footnotes":""},"categories":[26],"tags":[],"class_list":{"0":"post-12560","1":"post","2":"type-post","3":"status-publish","4":"format-standard","5":"has-post-thumbnail","7":"category-nacionales"},"aioseo_notices":[],"_links":{"self":[{"href":"https:\/\/lalupa24.com.ar\/index.php\/wp-json\/wp\/v2\/posts\/12560","targetHints":{"allow":["GET"]}}],"collection":[{"href":"https:\/\/lalupa24.com.ar\/index.php\/wp-json\/wp\/v2\/posts"}],"about":[{"href":"https:\/\/lalupa24.com.ar\/index.php\/wp-json\/wp\/v2\/types\/post"}],"author":[{"embeddable":true,"href":"https:\/\/lalupa24.com.ar\/index.php\/wp-json\/wp\/v2\/users\/2"}],"replies":[{"embeddable":true,"href":"https:\/\/lalupa24.com.ar\/index.php\/wp-json\/wp\/v2\/comments?post=12560"}],"version-history":[{"count":1,"href":"https:\/\/lalupa24.com.ar\/index.php\/wp-json\/wp\/v2\/posts\/12560\/revisions"}],"predecessor-version":[{"id":12561,"href":"https:\/\/lalupa24.com.ar\/index.php\/wp-json\/wp\/v2\/posts\/12560\/revisions\/12561"}],"wp:featuredmedia":[{"embeddable":true,"href":"https:\/\/lalupa24.com.ar\/index.php\/wp-json\/wp\/v2\/media\/12556"}],"wp:attachment":[{"href":"https:\/\/lalupa24.com.ar\/index.php\/wp-json\/wp\/v2\/media?parent=12560"}],"wp:term":[{"taxonomy":"category","embeddable":true,"href":"https:\/\/lalupa24.com.ar\/index.php\/wp-json\/wp\/v2\/categories?post=12560"},{"taxonomy":"post_tag","embeddable":true,"href":"https:\/\/lalupa24.com.ar\/index.php\/wp-json\/wp\/v2\/tags?post=12560"}],"curies":[{"name":"wp","href":"https:\/\/api.w.org\/{rel}","templated":true}]}}