{"id":12562,"date":"2025-09-30T19:33:10","date_gmt":"2025-09-30T22:33:10","guid":{"rendered":"https:\/\/lalupa24.com.ar\/?p=12562"},"modified":"2025-09-30T19:33:11","modified_gmt":"2025-09-30T22:33:11","slug":"provincias-unidas-califica-la-gestion-de-milei-de-abismo-y-se-posiciona-contra-la-polarizacion-en-el-debate-federal","status":"publish","type":"post","link":"https:\/\/lalupa24.com.ar\/index.php\/2025\/09\/30\/provincias-unidas-califica-la-gestion-de-milei-de-abismo-y-se-posiciona-contra-la-polarizacion-en-el-debate-federal\/","title":{"rendered":"&#8220;PROVINCIAS UNIDAS&#8221; califica la gesti\u00f3n de MILEI de &#8220;abismo&#8221; y se posiciona contra la polarizaci\u00f3n en el debate federal"},"content":{"rendered":"\n<p>El bloque pol\u00edtico <strong>PROVINCIAS UNIDAS<\/strong>, una coalici\u00f3n de gobernadores y legisladores de corte no kirchnerista pero distanciados del oficialismo, ha emitido un diagn\u00f3stico severo sobre la gesti\u00f3n del presidente <strong>JAVIER MILEI<\/strong>, advirtiendo que la actual pol\u00edtica econ\u00f3mica &#8220;nos lleva al abismo&#8221;. Este pronunciamiento cr\u00edtico, articulado desde un discurso &#8220;antipolarizaci\u00f3n&#8221;, representa una peligrosa escalada en la tensi\u00f3n federal y consolida a este espacio como una tercera fuerza de oposici\u00f3n moderada.<\/p>\n\n\n\n<p><strong>PROVINCIAS UNIDAS<\/strong>, compuesto principalmente por l\u00edderes de provincias con econom\u00edas regionales y fuerte dependencia de la coparticipaci\u00f3n federal, acusa al <strong>GOBIERNO CENTRAL<\/strong> de utilizar el ajuste fiscal como un arma para coartar la autonom\u00eda provincial. La cr\u00edtica se centra en los recortes a las transferencias discrecionales y la paralizaci\u00f3n de la obra p\u00fablica, que, seg\u00fan sus voceros, est\u00e1 diezmando el empleo en el interior del pa\u00eds y comprometiendo servicios esenciales como la educaci\u00f3n y la salud.<\/p>\n\n\n\n<p>El documento emitido por el bloque subraya que la confrontaci\u00f3n constante de la <strong>ADMINISTRACI\u00d3N MILEI<\/strong> con los actores pol\u00edticos y sociales est\u00e1 generando una par\u00e1lisis institucional perjudicial. En lugar de ofrecer una soluci\u00f3n, sostienen, la estrategia de polarizaci\u00f3n extrema solo exacerba la crisis, un punto de vista que busca diferenciarlos tanto de la dureza del oficialismo como de la oposici\u00f3n m\u00e1s radicalizada.<\/p>\n\n\n\n<p>De acuerdo con un an\u00e1lisis de la <strong>FUNDACI\u00d3N ARGENTINA PARA LA COOPERACI\u00d3N FEDERAL (FACF)<\/strong>, la posici\u00f3n de <strong>PROVINCIAS UNIDAS<\/strong> es vital, pues varios de sus senadores y diputados son votos decisivos que el ejecutivo requiere para aprobar cualquier paquete legislativo de importancia, incluido el pr\u00f3ximo proyecto de <strong>LEY DE PRESUPUESTO<\/strong>. Su deserci\u00f3n o veto podr\u00eda sumir al <strong>CONGRESO<\/strong> en una inacci\u00f3n total, profundizando la crisis de gobernabilidad.<\/p>\n\n\n\n<p>La cr\u00edtica no solo es econ\u00f3mica, sino tambi\u00e9n de \u00edndole institucional. El bloque denuncia un d\u00e9ficit en el di\u00e1logo federal, argumentando que las decisiones que afectan directamente a las arcas provinciales se toman de manera unilateral en <strong>CASA ROSADA<\/strong>. Los gobernadores exigen una nueva mesa de consenso que respete el federalismo fiscal y que se reviertan los recortes aplicados, especialmente aquellos que impactan la financiaci\u00f3n de las cajas de jubilaci\u00f3n provinciales no transferidas a la <strong>NACI\u00d3N<\/strong>.<\/p>\n\n\n\n<p>El desaf\u00edo de <strong>PROVINCIAS UNIDAS<\/strong> es transformar su malestar en una alternativa pol\u00edtica viable. Al negarse a alinearse con el kirchnerismo o el oficialismo, el bloque busca captar el voto del centro ideol\u00f3gico, configur\u00e1ndose como un factor de equilibrio y moderaci\u00f3n. Su futuro rol ser\u00e1 crucial, ya que tienen la llave para la sanci\u00f3n de leyes y la capacidad de articular una plataforma opositora que podr\u00eda capitalizar el desgaste del <strong>GOBIERNO NACIONAL<\/strong> en los pr\u00f3ximos ciclos electorales.<\/p>\n","protected":false},"excerpt":{"rendered":"<p>El bloque pol\u00edtico PROVINCIAS UNIDAS, una coalici\u00f3n de gobernadores y legisladores de corte no kirchnerista pero distanciados del oficialismo, ha emitido un diagn\u00f3stico severo sobre la gesti\u00f3n del presidente JAVIER MILEI, advirtiendo que la actual pol\u00edtica econ\u00f3mica &#8220;nos lleva al abismo&#8221;. Este pronunciamiento cr\u00edtico, articulado desde un discurso &#8220;antipolarizaci\u00f3n&#8221;, representa una peligrosa escalada en la [&hellip;]<\/p>\n","protected":false},"author":2,"featured_media":12557,"comment_status":"open","ping_status":"open","sticky":false,"template":"","format":"standard","meta":{"footnotes":""},"categories":[26],"tags":[],"class_list":{"0":"post-12562","1":"post","2":"type-post","3":"status-publish","4":"format-standard","5":"has-post-thumbnail","7":"category-nacionales"},"aioseo_notices":[],"_links":{"self":[{"href":"https:\/\/lalupa24.com.ar\/index.php\/wp-json\/wp\/v2\/posts\/12562","targetHints":{"allow":["GET"]}}],"collection":[{"href":"https:\/\/lalupa24.com.ar\/index.php\/wp-json\/wp\/v2\/posts"}],"about":[{"href":"https:\/\/lalupa24.com.ar\/index.php\/wp-json\/wp\/v2\/types\/post"}],"author":[{"embeddable":true,"href":"https:\/\/lalupa24.com.ar\/index.php\/wp-json\/wp\/v2\/users\/2"}],"replies":[{"embeddable":true,"href":"https:\/\/lalupa24.com.ar\/index.php\/wp-json\/wp\/v2\/comments?post=12562"}],"version-history":[{"count":1,"href":"https:\/\/lalupa24.com.ar\/index.php\/wp-json\/wp\/v2\/posts\/12562\/revisions"}],"predecessor-version":[{"id":12563,"href":"https:\/\/lalupa24.com.ar\/index.php\/wp-json\/wp\/v2\/posts\/12562\/revisions\/12563"}],"wp:featuredmedia":[{"embeddable":true,"href":"https:\/\/lalupa24.com.ar\/index.php\/wp-json\/wp\/v2\/media\/12557"}],"wp:attachment":[{"href":"https:\/\/lalupa24.com.ar\/index.php\/wp-json\/wp\/v2\/media?parent=12562"}],"wp:term":[{"taxonomy":"category","embeddable":true,"href":"https:\/\/lalupa24.com.ar\/index.php\/wp-json\/wp\/v2\/categories?post=12562"},{"taxonomy":"post_tag","embeddable":true,"href":"https:\/\/lalupa24.com.ar\/index.php\/wp-json\/wp\/v2\/tags?post=12562"}],"curies":[{"name":"wp","href":"https:\/\/api.w.org\/{rel}","templated":true}]}}