{"id":12564,"date":"2025-09-30T19:33:51","date_gmt":"2025-09-30T22:33:51","guid":{"rendered":"https:\/\/lalupa24.com.ar\/?p=12564"},"modified":"2025-09-30T19:33:52","modified_gmt":"2025-09-30T22:33:52","slug":"el-presidente-javier-milei-se-reune-con-mauricio-macri-para-consolidar-la-alianza-y-planificar-la-agenda-legislativa","status":"publish","type":"post","link":"https:\/\/lalupa24.com.ar\/index.php\/2025\/09\/30\/el-presidente-javier-milei-se-reune-con-mauricio-macri-para-consolidar-la-alianza-y-planificar-la-agenda-legislativa\/","title":{"rendered":"el presidente JAVIER MILEI se re\u00fane con MAURICIO MACRI para consolidar la alianza y planificar la agenda legislativa"},"content":{"rendered":"\n<p>El presidente <strong>JAVIER MILEI<\/strong> mantuvo un encuentro privado con el expresidente <strong>MAURICIO MACRI<\/strong> para alinear estrategias pol\u00edticas y consolidar la alianza que sostiene la actual coalici\u00f3n de <strong>GOBIERNO<\/strong>. Esta reuni\u00f3n de alto nivel, con la planificaci\u00f3n de un nuevo encuentro a corto plazo, subraya la profunda coordinaci\u00f3n entre las dos figuras m\u00e1s relevantes de la derecha argentina y proyecta la intenci\u00f3n de fusionar de facto los equipos t\u00e9cnicos y las bancadas legislativas antes de fin de a\u00f1o.<\/p>\n\n\n\n<p>El encuentro, que se realiz\u00f3 en un contexto de m\u00e1xima reserva, tuvo como eje central la definici\u00f3n de una hoja de ruta para el \u00faltimo trimestre del a\u00f1o, crucial por el inicio del debate sobre el <strong>PRESUPUESTO NACIONAL<\/strong> y la cercan\u00eda de las elecciones de medio t\u00e9rmino. La alianza entre <strong>LA LIBERTAD AVANZA (LLA)<\/strong> y el sector <strong>PRO<\/strong> liderado por <strong>MACRI<\/strong> es la base sobre la que el presidente <strong>MILEI<\/strong> ha logrado aprobar contadas leyes en el <strong>CONGRESO<\/strong>, de ah\u00ed la importancia de esta coordinaci\u00f3n.<\/p>\n\n\n\n<p>Fuentes del entorno presidencial indicaron que la agenda incluy\u00f3 la revisi\u00f3n de los nombramientos pendientes en organismos clave y la estrategia para contener el creciente descontento de los gobernadores, articulado a trav\u00e9s de <strong>PROVINCIAS UNIDAS<\/strong>. La experiencia pol\u00edtica de <strong>MACRI<\/strong>, especialmente en la negociaci\u00f3n con el <strong>FONDO MONETARIO INTERNACIONAL (FMI)<\/strong> y los bloques provinciales, se considera un activo fundamental para la <strong>ADMINISTRACI\u00d3N MILEI<\/strong> en la gesti\u00f3n del d\u00eda a d\u00eda.<\/p>\n\n\n\n<p>Expertos en ciencia pol\u00edtica de la <strong>UNIVERSIDAD CAT\u00d3LICA ARGENTINA (UCA)<\/strong> destacan que la visibilidad de esta alianza, aunque necesaria para la gobernabilidad, conlleva riesgos. Si bien solidifica el polo de derecha, puede alienar a los sectores moderados del peronismo no kirchnerista que, en un principio, se mostraron dispuestos a colaborar con el oficialismo. La presencia constante de <strong>MACRI<\/strong> legitima la idea de un <em>establishment<\/em> de derecha, contraria al esp\u00edritu <em>antisistema<\/em> original de <strong>LLA<\/strong>.<\/p>\n\n\n\n<p>La planificaci\u00f3n de un segundo encuentro para esta misma semana sugiere que la articulaci\u00f3n va m\u00e1s all\u00e1 de un mero gesto pol\u00edtico. Se especula en los c\u00edrculos legislativos que <strong>MACRI<\/strong> podr\u00eda estar actuando como un jefe de gabinete <em>de facto<\/em> en la sombra, un rol clave para disciplinar las filas de <strong>PRO<\/strong> y asegurar el voto favorable a las iniciativas econ\u00f3micas del <strong>GOBIERNO<\/strong>, que a menudo enfrentan resistencias incluso dentro de los aliados.<\/p>\n\n\n\n<p>El resultado a largo plazo de estos encuentros es la probable consolidaci\u00f3n de un polo pol\u00edtico unificado que domine la centroderecha argentina. Esta alianza busca no solo garantizar la gobernabilidad de <strong>MILEI<\/strong>, sino tambi\u00e9n sentar las bases para una eventual fusi\u00f3n de fuerzas que pueda competir con mayor eficacia en las elecciones presidenciales de 2027. La supervivencia pol\u00edtica del plan libertario depende, en gran medida, de la solidez y el \u00e9xito de esta coordinaci\u00f3n estrat\u00e9gica con el macrismo.<\/p>\n","protected":false},"excerpt":{"rendered":"<p>El presidente JAVIER MILEI mantuvo un encuentro privado con el expresidente MAURICIO MACRI para alinear estrategias pol\u00edticas y consolidar la alianza que sostiene la actual coalici\u00f3n de GOBIERNO. Esta reuni\u00f3n de alto nivel, con la planificaci\u00f3n de un nuevo encuentro a corto plazo, subraya la profunda coordinaci\u00f3n entre las dos figuras m\u00e1s relevantes de la [&hellip;]<\/p>\n","protected":false},"author":2,"featured_media":12558,"comment_status":"open","ping_status":"open","sticky":false,"template":"","format":"standard","meta":{"footnotes":""},"categories":[26],"tags":[],"class_list":{"0":"post-12564","1":"post","2":"type-post","3":"status-publish","4":"format-standard","5":"has-post-thumbnail","7":"category-nacionales"},"aioseo_notices":[],"_links":{"self":[{"href":"https:\/\/lalupa24.com.ar\/index.php\/wp-json\/wp\/v2\/posts\/12564","targetHints":{"allow":["GET"]}}],"collection":[{"href":"https:\/\/lalupa24.com.ar\/index.php\/wp-json\/wp\/v2\/posts"}],"about":[{"href":"https:\/\/lalupa24.com.ar\/index.php\/wp-json\/wp\/v2\/types\/post"}],"author":[{"embeddable":true,"href":"https:\/\/lalupa24.com.ar\/index.php\/wp-json\/wp\/v2\/users\/2"}],"replies":[{"embeddable":true,"href":"https:\/\/lalupa24.com.ar\/index.php\/wp-json\/wp\/v2\/comments?post=12564"}],"version-history":[{"count":1,"href":"https:\/\/lalupa24.com.ar\/index.php\/wp-json\/wp\/v2\/posts\/12564\/revisions"}],"predecessor-version":[{"id":12565,"href":"https:\/\/lalupa24.com.ar\/index.php\/wp-json\/wp\/v2\/posts\/12564\/revisions\/12565"}],"wp:featuredmedia":[{"embeddable":true,"href":"https:\/\/lalupa24.com.ar\/index.php\/wp-json\/wp\/v2\/media\/12558"}],"wp:attachment":[{"href":"https:\/\/lalupa24.com.ar\/index.php\/wp-json\/wp\/v2\/media?parent=12564"}],"wp:term":[{"taxonomy":"category","embeddable":true,"href":"https:\/\/lalupa24.com.ar\/index.php\/wp-json\/wp\/v2\/categories?post=12564"},{"taxonomy":"post_tag","embeddable":true,"href":"https:\/\/lalupa24.com.ar\/index.php\/wp-json\/wp\/v2\/tags?post=12564"}],"curies":[{"name":"wp","href":"https:\/\/api.w.org\/{rel}","templated":true}]}}