{"id":12586,"date":"2025-10-01T09:29:22","date_gmt":"2025-10-01T12:29:22","guid":{"rendered":"https:\/\/lalupa24.com.ar\/?p=12586"},"modified":"2025-10-01T09:29:23","modified_gmt":"2025-10-01T12:29:23","slug":"capturado-en-peru-el-presunto-autor-intelectual-del-triple-crimen-narco-de-florencio-varela-detalles-de-la-caida-de-pequeno-j","status":"publish","type":"post","link":"https:\/\/lalupa24.com.ar\/index.php\/2025\/10\/01\/capturado-en-peru-el-presunto-autor-intelectual-del-triple-crimen-narco-de-florencio-varela-detalles-de-la-caida-de-pequeno-j\/","title":{"rendered":"CAPTURADO EN PER\u00da EL PRESUNTO AUTOR INTELECTUAL DEL TRIPLE CRIMEN NARCO DE FLORENCIO VARELA: DETALLES DE LA CA\u00cdDA DE &#8220;PEQUE\u00d1O J&#8221;"},"content":{"rendered":"\n<p>La compleja investigaci\u00f3n sobre el brutal triple crimen de Brenda del Castillo, Morena Verdi y Lara Guti\u00e9rrez, ocurrido en Florencio Varela, alcanz\u00f3 un punto de inflexi\u00f3n con la detenci\u00f3n en Per\u00fa de Tony Jansen Valverde Victoriano, alias &#8220;Peque\u00f1o J&#8221;, sindicado como el presunto autor intelectual del macabro suceso. La captura del joven narco peruano, efectuada en una operaci\u00f3n coordinada a nivel internacional, es la culminaci\u00f3n de una intensa b\u00fasqueda que lo se\u00f1alaba como el principal pr\u00f3fugo tras el hallazgo de los tres cuerpos en la provincia de Buenos Aires.<\/p>\n\n\n\n<p>El impacto de la noticia se debe a la brutalidad del caso, catalogado por las autoridades como un triple femicidio narco. Seg\u00fan fuentes policiales peruanas, el m\u00f3vil del asesinato estar\u00eda ligado al robo de aproximadamente tres kilogramos de coca\u00edna que una de las v\u00edctimas habr\u00eda sustra\u00eddo a la organizaci\u00f3n. Este hecho pone de manifiesto la creciente y violenta penetraci\u00f3n del crimen organizado y el narcotr\u00e1fico en la din\u00e1mica social y delictiva del conurbano bonaerense, donde las disputas territoriales y de drogas se saldan con extrema violencia, a menudo afectando a mujeres en situaciones de vulnerabilidad.<\/p>\n\n\n\n<p>La detenci\u00f3n de &#8220;Peque\u00f1o J&#8221; se concret\u00f3 en un operativo conjunto entre la Polic\u00eda Nacional del Per\u00fa (PNP), espec\u00edficamente la Direcci\u00f3n Antidrogas (Dirandro), y la Direcci\u00f3n de Investigaciones de la Polic\u00eda de la Provincia de Buenos Aires, con el apoyo de Interpol. Valverde Victoriano fue rastreado y ubicado en Pucusana, Lima, mientras se transportaba oculto en el asiento posterior de un cami\u00f3n que trasladaba pescado, con aparente destino a Trujillo, donde residen familiares.<\/p>\n\n\n\n<p>Este arresto clave se suma a la de su supuesto ladero, Mat\u00edas Ozorio, capturado horas antes. La detenci\u00f3n de ambos pr\u00f3fugos eleva a nueve el n\u00famero total de personas involucradas en el caso, que incluye imputaciones por secuestro, tortura y homicidio agravado. La coordinaci\u00f3n binacional subraya la importancia de la cooperaci\u00f3n policial en la lucha contra bandas criminales transnacionales que buscan evadir la justicia cruzando fronteras continentales.<\/p>\n\n\n\n<p>El proceso judicial ahora se bifurca: mientras que Mat\u00edas Ozorio ser\u00e1 sometido a un tr\u00e1mite expedito de expulsi\u00f3n de Per\u00fa por su ingreso ilegal, el caso de Tony Jansen Valverde Victoriano ser\u00e1 m\u00e1s complejo. Las autoridades peruanas confirmaron que permanecer\u00e1 detenido bajo custodia a la espera de que Argentina formalice un pedido de extradici\u00f3n. Este tr\u00e1mite, que puede demorar varios meses, requerir\u00e1 la presentaci\u00f3n de pruebas s\u00f3lidas ante la justicia del vecino pa\u00eds.<\/p>\n\n\n\n<p>La captura del presunto cabecilla no solo brinda un consuelo a las familias de Brenda, Morena y Lara, sino que tambi\u00e9n env\u00eda un mensaje contundente sobre la persecuci\u00f3n del crimen organizado m\u00e1s all\u00e1 de las fronteras nacionales. En el \u00e1mbito de la justicia, la expectativa es alta: se espera que la llegada de &#8220;Peque\u00f1o J&#8221; a la Argentina sea fundamental para esclarecer los roles de cada uno de los detenidos y establecer la cadena de mando detr\u00e1s de este estremecedor crimen que conmocion\u00f3 a la opini\u00f3n p\u00fablica.<\/p>\n","protected":false},"excerpt":{"rendered":"<p>La compleja investigaci\u00f3n sobre el brutal triple crimen de Brenda del Castillo, Morena Verdi y Lara Guti\u00e9rrez, ocurrido en Florencio Varela, alcanz\u00f3 un punto de inflexi\u00f3n con la detenci\u00f3n en Per\u00fa de Tony Jansen Valverde Victoriano, alias &#8220;Peque\u00f1o J&#8221;, sindicado como el presunto autor intelectual del macabro suceso. La captura del joven narco peruano, efectuada [&hellip;]<\/p>\n","protected":false},"author":2,"featured_media":12594,"comment_status":"open","ping_status":"open","sticky":false,"template":"","format":"standard","meta":{"footnotes":""},"categories":[26],"tags":[],"class_list":{"0":"post-12586","1":"post","2":"type-post","3":"status-publish","4":"format-standard","5":"has-post-thumbnail","7":"category-nacionales"},"aioseo_notices":[],"_links":{"self":[{"href":"https:\/\/lalupa24.com.ar\/index.php\/wp-json\/wp\/v2\/posts\/12586","targetHints":{"allow":["GET"]}}],"collection":[{"href":"https:\/\/lalupa24.com.ar\/index.php\/wp-json\/wp\/v2\/posts"}],"about":[{"href":"https:\/\/lalupa24.com.ar\/index.php\/wp-json\/wp\/v2\/types\/post"}],"author":[{"embeddable":true,"href":"https:\/\/lalupa24.com.ar\/index.php\/wp-json\/wp\/v2\/users\/2"}],"replies":[{"embeddable":true,"href":"https:\/\/lalupa24.com.ar\/index.php\/wp-json\/wp\/v2\/comments?post=12586"}],"version-history":[{"count":1,"href":"https:\/\/lalupa24.com.ar\/index.php\/wp-json\/wp\/v2\/posts\/12586\/revisions"}],"predecessor-version":[{"id":12595,"href":"https:\/\/lalupa24.com.ar\/index.php\/wp-json\/wp\/v2\/posts\/12586\/revisions\/12595"}],"wp:featuredmedia":[{"embeddable":true,"href":"https:\/\/lalupa24.com.ar\/index.php\/wp-json\/wp\/v2\/media\/12594"}],"wp:attachment":[{"href":"https:\/\/lalupa24.com.ar\/index.php\/wp-json\/wp\/v2\/media?parent=12586"}],"wp:term":[{"taxonomy":"category","embeddable":true,"href":"https:\/\/lalupa24.com.ar\/index.php\/wp-json\/wp\/v2\/categories?post=12586"},{"taxonomy":"post_tag","embeddable":true,"href":"https:\/\/lalupa24.com.ar\/index.php\/wp-json\/wp\/v2\/tags?post=12586"}],"curies":[{"name":"wp","href":"https:\/\/api.w.org\/{rel}","templated":true}]}}