{"id":12600,"date":"2025-10-01T09:31:04","date_gmt":"2025-10-01T12:31:04","guid":{"rendered":"https:\/\/lalupa24.com.ar\/?p=12600"},"modified":"2025-10-01T09:31:05","modified_gmt":"2025-10-01T12:31:05","slug":"jorge-rial-rompe-el-silencio-tras-la-nueva-detencion-de-morena-ella-tomo-esta-decision","status":"publish","type":"post","link":"https:\/\/lalupa24.com.ar\/index.php\/2025\/10\/01\/jorge-rial-rompe-el-silencio-tras-la-nueva-detencion-de-morena-ella-tomo-esta-decision\/","title":{"rendered":"JORGE RIAL ROMPE EL SILENCIO TRAS LA NUEVA DETENCI\u00d3N DE MORENA: &#8220;ELLA TOM\u00d3 ESTA DECISI\u00d3N&#8221;"},"content":{"rendered":"\n<p>El periodista Jorge Rial se pronunci\u00f3 p\u00fablicamente tras la nueva detenci\u00f3n de su hija Morena, a quien se le revoc\u00f3 la excarcelaci\u00f3n por incumplir las medidas judiciales impuestas en el marco de una causa por robo agravado en San Isidro. La noticia, que sacudi\u00f3 nuevamente el \u00e1mbito medi\u00e1tico y judicial, llev\u00f3 al conductor a emitir una declaraci\u00f3n de alto impacto, marcada por el dolor paternal y la rigidez de su postura frente a la justicia.<\/p>\n\n\n\n<p>La joven fue detenida nuevamente por no acatar las condiciones de su libertad, que inclu\u00edan la obligaci\u00f3n de presentarse peri\u00f3dicamente en el juzgado, someterse a un tratamiento psicol\u00f3gico y psiqui\u00e1trico, y acreditar una fuente de ingresos o trabajo. El fiscal Patricio Ferrari solicit\u00f3 la revocatoria de la excarcelaci\u00f3n domiciliaria, argumentando la sistem\u00e1tica desobediencia de las normas procesales, un hecho que la justicia valid\u00f3 y concret\u00f3 con la detenci\u00f3n en su domicilio fijado en Caballito.<\/p>\n\n\n\n<p>Jorge Rial, visiblemente afectado pero con tono firme, declar\u00f3 ante los medios que la situaci\u00f3n era una &#8220;consecuencia de sus actos&#8221;. El conductor subray\u00f3 la igualdad ante la ley, destacando que &#8220;la Justicia es eso, es igual para todos&#8221; y que su hija &#8220;no tiene privilegios&#8221;. De esta forma, Rial busc\u00f3 trazar una l\u00ednea entre su influencia medi\u00e1tica y el proceso penal que enfrenta su hija, despojando al caso del manto de excepcionalidad.<\/p>\n\n\n\n<p>&#8220;Obviamente que me duele tener a mi hija en esa situaci\u00f3n. Ella tom\u00f3 una decisi\u00f3n de vida, teniendo alternativas. Mi hija ten\u00eda otras alternativas much\u00edsimo mejores,&#8221; afirm\u00f3 el periodista, poniendo el foco en la responsabilidad individual de Morena, quien es mayor de edad. Su mensaje se centr\u00f3 en la incapacidad personal de &#8220;torcer&#8221; el camino elegido por su hija, asumiendo que &#8220;seguramente mal&#8221; hizo &#8220;todo lo que pudo&#8221; como padre.<\/p>\n\n\n\n<p>El caso de Morena Rial expone, una vez m\u00e1s, la compleja interacci\u00f3n entre celebridad, salud mental y sistema judicial. Mientras voces especializadas en temas de familia y salud mental se\u00f1alan la dificultad de imponer tratamientos sin la colaboraci\u00f3n del paciente, el poder judicial se enfoca en el incumplimiento de las reglas de conducta, esenciales para mantener un beneficio como la excarcelaci\u00f3n en casos de delitos graves como el robo.<\/p>\n\n\n\n<p>A futuro, la joven enfrentar\u00e1 ahora el resto del proceso judicial por la imputaci\u00f3n de robo agravado desde una celda, donde ya pas\u00f3 sus primeras horas. La postura de su padre, aunque dolorosa, marca una distancia institucional que probablemente influya en el desarrollo medi\u00e1tico del caso, obligando a enfocar la atenci\u00f3n en el estricto cumplimiento de la ley y las responsabilidades que conlleva la adultez, m\u00e1s all\u00e1 de cualquier apellido.<\/p>\n","protected":false},"excerpt":{"rendered":"<p>El periodista Jorge Rial se pronunci\u00f3 p\u00fablicamente tras la nueva detenci\u00f3n de su hija Morena, a quien se le revoc\u00f3 la excarcelaci\u00f3n por incumplir las medidas judiciales impuestas en el marco de una causa por robo agravado en San Isidro. La noticia, que sacudi\u00f3 nuevamente el \u00e1mbito medi\u00e1tico y judicial, llev\u00f3 al conductor a emitir [&hellip;]<\/p>\n","protected":false},"author":2,"featured_media":12591,"comment_status":"open","ping_status":"open","sticky":false,"template":"","format":"standard","meta":{"footnotes":""},"categories":[26],"tags":[],"class_list":{"0":"post-12600","1":"post","2":"type-post","3":"status-publish","4":"format-standard","5":"has-post-thumbnail","7":"category-nacionales"},"aioseo_notices":[],"_links":{"self":[{"href":"https:\/\/lalupa24.com.ar\/index.php\/wp-json\/wp\/v2\/posts\/12600","targetHints":{"allow":["GET"]}}],"collection":[{"href":"https:\/\/lalupa24.com.ar\/index.php\/wp-json\/wp\/v2\/posts"}],"about":[{"href":"https:\/\/lalupa24.com.ar\/index.php\/wp-json\/wp\/v2\/types\/post"}],"author":[{"embeddable":true,"href":"https:\/\/lalupa24.com.ar\/index.php\/wp-json\/wp\/v2\/users\/2"}],"replies":[{"embeddable":true,"href":"https:\/\/lalupa24.com.ar\/index.php\/wp-json\/wp\/v2\/comments?post=12600"}],"version-history":[{"count":1,"href":"https:\/\/lalupa24.com.ar\/index.php\/wp-json\/wp\/v2\/posts\/12600\/revisions"}],"predecessor-version":[{"id":12601,"href":"https:\/\/lalupa24.com.ar\/index.php\/wp-json\/wp\/v2\/posts\/12600\/revisions\/12601"}],"wp:featuredmedia":[{"embeddable":true,"href":"https:\/\/lalupa24.com.ar\/index.php\/wp-json\/wp\/v2\/media\/12591"}],"wp:attachment":[{"href":"https:\/\/lalupa24.com.ar\/index.php\/wp-json\/wp\/v2\/media?parent=12600"}],"wp:term":[{"taxonomy":"category","embeddable":true,"href":"https:\/\/lalupa24.com.ar\/index.php\/wp-json\/wp\/v2\/categories?post=12600"},{"taxonomy":"post_tag","embeddable":true,"href":"https:\/\/lalupa24.com.ar\/index.php\/wp-json\/wp\/v2\/tags?post=12600"}],"curies":[{"name":"wp","href":"https:\/\/api.w.org\/{rel}","templated":true}]}}