{"id":12602,"date":"2025-10-01T09:31:39","date_gmt":"2025-10-01T12:31:39","guid":{"rendered":"https:\/\/lalupa24.com.ar\/?p=12602"},"modified":"2025-10-01T09:31:41","modified_gmt":"2025-10-01T12:31:41","slug":"calendario-escolar-2024-el-consejo-federal-definio-el-cierre-del-ciclo-lectivo-en-cada-provincia","status":"publish","type":"post","link":"https:\/\/lalupa24.com.ar\/index.php\/2025\/10\/01\/calendario-escolar-2024-el-consejo-federal-definio-el-cierre-del-ciclo-lectivo-en-cada-provincia\/","title":{"rendered":"CALENDARIO ESCOLAR 2024: EL CONSEJO FEDERAL DEFINI\u00d3 EL CIERRE DEL CICLO LECTIVO EN CADA PROVINCIA"},"content":{"rendered":"\n<p>Las autoridades educativas de la Rep\u00fablica Argentina, a trav\u00e9s del Consejo Federal de Educaci\u00f3n, oficializaron las fechas de finalizaci\u00f3n del ciclo lectivo 2024, estableciendo un cronograma que var\u00eda por jurisdicci\u00f3n. La definici\u00f3n de los calendarios provinciales pone fin al a\u00f1o escolar para millones de estudiantes de nivel inicial, primario y secundario, cumpliendo con el objetivo de asegurar un m\u00ednimo de 190 d\u00edas de clase, como estipula la normativa federal.<\/p>\n\n\n\n<p>La mayor\u00eda de las jurisdicciones del pa\u00eds concentrar\u00e1n el cierre de actividades el <strong>viernes 20 de diciembre<\/strong>. Esta fecha es la designada para la culminaci\u00f3n del ciclo en distritos clave como la Ciudad Aut\u00f3noma de Buenos Aires (CABA) y la Provincia de Buenos Aires, y se extiende a Chaco, Corrientes, Entre R\u00edos, Formosa, La Pampa, Misiones, Neuqu\u00e9n, R\u00edo Negro, San Juan, Santiago del Estero y Tierra del Fuego.<\/p>\n\n\n\n<p>Sin embargo, varias provincias optaron por adelantar el cierre del ciclo, demostrando la autonom\u00eda de gesti\u00f3n de cada jurisdicci\u00f3n. El primer grupo de provincias en dar por terminadas las clases lo har\u00e1 el <strong>viernes 13 de diciembre<\/strong>, incluyendo a Catamarca, C\u00f3rdoba, Jujuy, La Rioja, Mendoza y Santa Fe. Estas decisiones suelen estar motivadas por factores log\u00edsticos, clim\u00e1ticos o por ajustes de calendario interno para asegurar los d\u00edas m\u00ednimos de clase requeridos.<\/p>\n\n\n\n<p>Otras provincias han establecido fechas intermedias. Santa Cruz concluir\u00e1 su agenda educativa el <strong>martes 17 de diciembre<\/strong>, mientras que Tucum\u00e1n har\u00e1 lo propio el <strong>mi\u00e9rcoles 18<\/strong>. Finalmente, Chubut, Salta y San Luis han definido el <strong>jueves 19 de diciembre<\/strong> como el \u00faltimo d\u00eda. Esta disparidad en las fechas finales impacta directamente en el inicio de la temporada de receso estival en cada regi\u00f3n.<\/p>\n\n\n\n<p>La planificaci\u00f3n federal busca garantizar la continuidad pedag\u00f3gica y el cumplimiento de los objetivos curriculares, a pesar de las interrupciones o recuperaciones que puedan surgir a lo largo del a\u00f1o. Los calendarios provinciales son el instrumento que asegura la cobertura de los contenidos y el tiempo necesario para las evaluaciones finales, incluyendo la extensi\u00f3n de actividades hasta d\u00edas posteriores a la fecha de cierre para comisiones evaluadoras y ex\u00e1menes pendientes.<\/p>\n\n\n\n<p>La culminaci\u00f3n oficial del ciclo lectivo no solo marca el inicio de las vacaciones de verano, sino que tambi\u00e9n pone en marcha la planificaci\u00f3n del pr\u00f3ximo a\u00f1o escolar. Las fechas establecidas son un elemento fundamental para la organizaci\u00f3n familiar y la actividad tur\u00edstica interna. De cara al futuro, la Secretar\u00eda de Educaci\u00f3n de la Naci\u00f3n ya trabaja en consensuar los objetivos para el ciclo 2025, buscando mantener la prioridad en la calidad educativa y la presencia estudiantil en las aulas.<\/p>\n","protected":false},"excerpt":{"rendered":"<p>Las autoridades educativas de la Rep\u00fablica Argentina, a trav\u00e9s del Consejo Federal de Educaci\u00f3n, oficializaron las fechas de finalizaci\u00f3n del ciclo lectivo 2024, estableciendo un cronograma que var\u00eda por jurisdicci\u00f3n. La definici\u00f3n de los calendarios provinciales pone fin al a\u00f1o escolar para millones de estudiantes de nivel inicial, primario y secundario, cumpliendo con el objetivo [&hellip;]<\/p>\n","protected":false},"author":2,"featured_media":12590,"comment_status":"open","ping_status":"open","sticky":false,"template":"","format":"standard","meta":{"footnotes":""},"categories":[26],"tags":[],"class_list":{"0":"post-12602","1":"post","2":"type-post","3":"status-publish","4":"format-standard","5":"has-post-thumbnail","7":"category-nacionales"},"aioseo_notices":[],"_links":{"self":[{"href":"https:\/\/lalupa24.com.ar\/index.php\/wp-json\/wp\/v2\/posts\/12602","targetHints":{"allow":["GET"]}}],"collection":[{"href":"https:\/\/lalupa24.com.ar\/index.php\/wp-json\/wp\/v2\/posts"}],"about":[{"href":"https:\/\/lalupa24.com.ar\/index.php\/wp-json\/wp\/v2\/types\/post"}],"author":[{"embeddable":true,"href":"https:\/\/lalupa24.com.ar\/index.php\/wp-json\/wp\/v2\/users\/2"}],"replies":[{"embeddable":true,"href":"https:\/\/lalupa24.com.ar\/index.php\/wp-json\/wp\/v2\/comments?post=12602"}],"version-history":[{"count":1,"href":"https:\/\/lalupa24.com.ar\/index.php\/wp-json\/wp\/v2\/posts\/12602\/revisions"}],"predecessor-version":[{"id":12603,"href":"https:\/\/lalupa24.com.ar\/index.php\/wp-json\/wp\/v2\/posts\/12602\/revisions\/12603"}],"wp:featuredmedia":[{"embeddable":true,"href":"https:\/\/lalupa24.com.ar\/index.php\/wp-json\/wp\/v2\/media\/12590"}],"wp:attachment":[{"href":"https:\/\/lalupa24.com.ar\/index.php\/wp-json\/wp\/v2\/media?parent=12602"}],"wp:term":[{"taxonomy":"category","embeddable":true,"href":"https:\/\/lalupa24.com.ar\/index.php\/wp-json\/wp\/v2\/categories?post=12602"},{"taxonomy":"post_tag","embeddable":true,"href":"https:\/\/lalupa24.com.ar\/index.php\/wp-json\/wp\/v2\/tags?post=12602"}],"curies":[{"name":"wp","href":"https:\/\/api.w.org\/{rel}","templated":true}]}}