{"id":12613,"date":"2025-10-01T20:34:21","date_gmt":"2025-10-01T23:34:21","guid":{"rendered":"https:\/\/lalupa24.com.ar\/?p=12613"},"modified":"2025-10-05T14:00:54","modified_gmt":"2025-10-05T17:00:54","slug":"presupuesto-2026-el-gobierno-diseno-un-dolar-a-1423-y-una-inflacion-anual-del-10","status":"publish","type":"post","link":"https:\/\/lalupa24.com.ar\/index.php\/2025\/10\/01\/presupuesto-2026-el-gobierno-diseno-un-dolar-a-1423-y-una-inflacion-anual-del-10\/","title":{"rendered":"Presupuesto 2026: El Gobierno dise\u00f1\u00f3 un d\u00f3lar a $1423 y una inflaci\u00f3n anual del 10%"},"content":{"rendered":"\n<p>El secretario de Hacienda present\u00f3 los principales datos num\u00e9ricos del proyecto de ley de Presupuesto. Llamativamente compar\u00f3 algunos valores con el texto para 2025 que no se trat\u00f3 y dedic\u00f3 unos minutos para hablar sobre la relaci\u00f3n de la Naci\u00f3n con las provincias.<\/p>\n\n\n\n<p>Despu\u00e9s un agitado comienzo de debate en la que los miembros de la oposici\u00f3n en su conjunto enhebraron una serie de criticas a Jos\u00e9 Luis Espert con un posterior y reiterado pedido de renuncia a su cargo en la presidencia de la Comisi\u00f3n, Carlos Guberman, secretario de Hacienda de la Naci\u00f3n, present\u00f3 los principales datos num\u00e9ricos del proyecto de ley de Presupuesto 2026. En primera instancia, el Gobierno nacional dise\u00f1\u00f3 en el texto en cuesti\u00f3n \u201cun crecimiento del 5%, una inflaci\u00f3n acumulada del 10% y un d\u00f3lar a $1.423\u201d.<\/p>\n\n\n\n<p>La exposici\u00f3n de Guberman se extendi\u00f3 por m\u00e1s de 90 minutos y se tom\u00f3 los primeros 30 para destacar los \u201clogros\u201d de la gesti\u00f3n de Javier Milei al mando del Poder Ejecutivo: \u201cLo m\u00e1s importante es haber alcanzado el equilibrio en las cuentas, el alcance del super\u00e1vit fiscal y el resultado m\u00e1s importante es la baja al 31,6% de la pobreza\u201d. Reiter\u00f3, adem\u00e1s, que \u201ctener equilibrio financiero ayuda a pagar las cuentas, incluidos los intereses de la deuda\u201d.<\/p>\n\n\n\n<p>JEn otro punto, sintetiz\u00f3 que los tres ejes de las pol\u00edticas p\u00fablicas prioritarias del 2026 ser\u00e1n los mismos de los dos primeros dos a\u00f1os de la gesti\u00f3n libertaria: acompa\u00f1amiento social sin intermediaciones; equipamiento y modernizaci\u00f3n de seguridad y defensa; y desregulaci\u00f3n y transformaci\u00f3n del Estado. El funcionario acompa\u00f1\u00f3 su alocuci\u00f3n con una serie de gr\u00e1ficos que llamativamente comparaban algunos datos para 2026 con los del trunco proyecto que qued\u00f3 sin debate el a\u00f1o pasado.<\/p>\n\n\n\n<p>Adem\u00e1s, Guberman detall\u00f3 que \u201cel principal problema que ten\u00edamos era el d\u00e9ficit fiscal y lo atacamos por el lado del gasto y los recursos\u201d. Luego, agreg\u00f3 que \u201celiminamos los gastos que consideramos innecesarios y buscamos focalizar el gasto en determinados sectores\u201d. En ese punto, mencion\u00f3 a la eliminaci\u00f3n, focalizaci\u00f3n y refuerzo de gastos, m\u00e1s la baja de impuestos como las principales medidas de este gobierno. \u201cProponemos para fines de 2026 un resultado bastante similar al de este a\u00f1o\u201d, remarc\u00f3.<\/p>\n\n\n\n<p>Con relaci\u00f3n a las obras p\u00fablicas, la cual ha sido uno de los puntos m\u00e1s cuestionados por la oposici\u00f3n en cuanto a la ejecuci\u00f3n en estos dos a\u00f1os, el secretario de Hacienda revel\u00f3 que \u201c486 fueron transferidas a provincias y municipios y nos quedamos con un conjunto de 242 obras\u201d. Tambi\u00e9n, en ese sentido, sum\u00f3 que \u201cde 98 planes sociales, pasamos a concentrarnos en 55 que cubren las mismas funciones que antes porque encontramos un Estado sobredimensionado\u201d.<\/p>\n\n\n\n<p>Luego, Guberman remarc\u00f3 que \u201chay una diferencia menor en el tipo de cambio de $100 por d\u00f3lar y no es significativa y no tiene impacto importante sobre las cuentas p\u00fablicas como para que sea un punto relevante\u201d. Y record\u00f3 la propuesta de regla fiscal que \u201cgarantizaba que por error, omisi\u00f3n o malicia estamos falseando al escenario macroecon\u00f3mico los desv\u00edos que generaban mayores recursos para el Estado, no los pod\u00edamos gastar\u201d.<\/p>\n\n\n\n<p>\u201cAhora esa regla fiscal la mandamos en uno de los proyectos complementarios donde planteamos&nbsp; la idea de que no quede solo a la voluntad de nuestra gesti\u00f3n y si no que quede como regla permanente para todos los gobiernos que vengan para mantenerse con cierto orden fiscal para adelante\u201d, manifest\u00f3 el secretario de Hacienda.<\/p>\n\n\n\n<p>En s\u00edntesis, Carlos Guberman defini\u00f3 que \u201cla expectativa del mercado es que este a\u00f1o la inflaci\u00f3n cierre en 27%\u201d, y a\u00f1adi\u00f3 que \u201cla expectativa del mercado en diciembre del 2026 es de 16%, pero nosotros creemos que ser\u00e1 del 10%\u201d. Augur\u00f3 que seguir\u00e1 la \u201ctendencia declinante que para nosotros es importante\u201d, y concluy\u00f3 que el objetivo del Presupuesto 2026 es el \u201csostenimiento del super\u00e1vit financiero por tercer a\u00f1o consecutivo\u201d.<\/p>\n\n\n\n<p>Guberman present\u00f3 el REOR<\/p>\n\n\n\n<p>En el final de su intervenci\u00f3n ante los vocales de Presupuesto y Hacienda, Carlos Guberman present\u00f3 el R\u00e9gimen de Extinci\u00f3n de Obligaciones Rec\u00edprocas (REOR), al que defini\u00f3 como \u201cel reflejo del cambio en la visi\u00f3n que tiene el Poder Ejecutivo Nacional en t\u00e9rminos de relaci\u00f3n fiscal con las provincias\u201d. Agreg\u00f3, adem\u00e1s, que \u201cel R\u00e9gimen busca zanjar las discusiones de hace 10, 15 y 20 a\u00f1os entre provincias y Naci\u00f3n que han llegado a la Corte Suprema para ponernos de acuerdo en los reclamos cruzados\u201d.<\/p>\n\n\n\n<p>Del mismo modo, el funcionario nacional confirm\u00f3 que \u201cse invit\u00f3 a 18 jurisdicciones a adherirse al REOR, pero se firmaron acuerdos con 7 jurisdicciones y se resolvieron obligaciones por aproximadamente $540.000 millones\u201d. Cuestion\u00f3 que \u201cotros prefirieron irse de la reuni\u00f3n\u201d, y agreg\u00f3 que \u201cla idea es que si \u2018debemos esto\u2019 y \u2018nos deben esto\u2019, discutimos c\u00f3mo compensamos la diferencia para evitar la judicializaci\u00f3n en la pol\u00edtica entre Naci\u00f3n y las provincias\u201d.<\/p>\n","protected":false},"excerpt":{"rendered":"<p>El secretario de Hacienda present\u00f3 los principales datos num\u00e9ricos del proyecto de ley de Presupuesto. Llamativamente compar\u00f3 algunos valores con el texto para 2025 que no se trat\u00f3 y dedic\u00f3 unos minutos para hablar sobre la relaci\u00f3n de la Naci\u00f3n con las provincias. Despu\u00e9s un agitado comienzo de debate en la que los miembros de [&hellip;]<\/p>\n","protected":false},"author":11,"featured_media":12614,"comment_status":"open","ping_status":"open","sticky":false,"template":"","format":"standard","meta":{"footnotes":""},"categories":[26],"tags":[],"class_list":{"0":"post-12613","1":"post","2":"type-post","3":"status-publish","4":"format-standard","5":"has-post-thumbnail","7":"category-nacionales"},"aioseo_notices":[],"_links":{"self":[{"href":"https:\/\/lalupa24.com.ar\/index.php\/wp-json\/wp\/v2\/posts\/12613","targetHints":{"allow":["GET"]}}],"collection":[{"href":"https:\/\/lalupa24.com.ar\/index.php\/wp-json\/wp\/v2\/posts"}],"about":[{"href":"https:\/\/lalupa24.com.ar\/index.php\/wp-json\/wp\/v2\/types\/post"}],"author":[{"embeddable":true,"href":"https:\/\/lalupa24.com.ar\/index.php\/wp-json\/wp\/v2\/users\/11"}],"replies":[{"embeddable":true,"href":"https:\/\/lalupa24.com.ar\/index.php\/wp-json\/wp\/v2\/comments?post=12613"}],"version-history":[{"count":1,"href":"https:\/\/lalupa24.com.ar\/index.php\/wp-json\/wp\/v2\/posts\/12613\/revisions"}],"predecessor-version":[{"id":12615,"href":"https:\/\/lalupa24.com.ar\/index.php\/wp-json\/wp\/v2\/posts\/12613\/revisions\/12615"}],"wp:featuredmedia":[{"embeddable":true,"href":"https:\/\/lalupa24.com.ar\/index.php\/wp-json\/wp\/v2\/media\/12614"}],"wp:attachment":[{"href":"https:\/\/lalupa24.com.ar\/index.php\/wp-json\/wp\/v2\/media?parent=12613"}],"wp:term":[{"taxonomy":"category","embeddable":true,"href":"https:\/\/lalupa24.com.ar\/index.php\/wp-json\/wp\/v2\/categories?post=12613"},{"taxonomy":"post_tag","embeddable":true,"href":"https:\/\/lalupa24.com.ar\/index.php\/wp-json\/wp\/v2\/tags?post=12613"}],"curies":[{"name":"wp","href":"https:\/\/api.w.org\/{rel}","templated":true}]}}