{"id":12635,"date":"2025-07-26T10:17:00","date_gmt":"2025-07-26T13:17:00","guid":{"rendered":"https:\/\/lalupa24.com.ar\/?p=12635"},"modified":"2025-10-03T10:18:50","modified_gmt":"2025-10-03T13:18:50","slug":"jardin-n126-celebro-el-dia-de-los-derechos-de-los-ninos-y-la-llegada-de-la-primavera","status":"publish","type":"post","link":"https:\/\/lalupa24.com.ar\/index.php\/2025\/07\/26\/jardin-n126-celebro-el-dia-de-los-derechos-de-los-ninos-y-la-llegada-de-la-primavera\/","title":{"rendered":"Jard\u00edn N\u00b0126: celebr\u00f3 el D\u00eda de los Derechos de los Ni\u00f1os y la llegada de la Primavera"},"content":{"rendered":"\n<p>El Jard\u00edn N.\u00ba 126 \u201cJavier Villafa\u00f1e\u201d, con el acompa\u00f1amiento de la Municipalidad de Barranqueras, realiz\u00f3 su tradicional desfile para conmemorar los Derechos de los Ni\u00f1os y celebrar la llegada de la Primavera .<\/p>\n\n\n\n<p>La jornada cont\u00f3 con la participaci\u00f3n de los ni\u00f1os y ni\u00f1as del establecimiento, quienes, acompa\u00f1ados por docentes y familias, desfilaron mostrando trabajos art\u00edsticos, disfraces y actividades relacionadas con la tem\u00e1tica.<\/p>\n\n\n\n<p>El evento fue acompa\u00f1ado por la intendente Magda Ayala y la coordinadora de Educaci\u00f3n, Laura Zacar\u00edas, quienes compartieron la celebraci\u00f3n con la comunidad educativa y destacaron la importancia de promover los derechos de la infancia y generar espacios de encuentro y alegr\u00eda para los m\u00e1s peque\u00f1os.<\/p>\n\n\n\n<p>Desde la Municipalidad de Barranqueras se sigue apoyando y acompa\u00f1ando este tipo de iniciativas educativas y recreativas, reafirmando el compromiso con la infancia y el desarrollo integral de los ni\u00f1os y ni\u00f1as de la ciudad.<\/p>\n","protected":false},"excerpt":{"rendered":"<p>El Jard\u00edn N.\u00ba 126 \u201cJavier Villafa\u00f1e\u201d, con el acompa\u00f1amiento de la Municipalidad de Barranqueras, realiz\u00f3 su tradicional desfile para conmemorar los Derechos de los Ni\u00f1os y celebrar la llegada de la Primavera . La jornada cont\u00f3 con la participaci\u00f3n de los ni\u00f1os y ni\u00f1as del establecimiento, quienes, acompa\u00f1ados por docentes y familias, desfilaron mostrando trabajos [&hellip;]<\/p>\n","protected":false},"author":2,"featured_media":12637,"comment_status":"open","ping_status":"open","sticky":false,"template":"","format":"standard","meta":{"footnotes":""},"categories":[27],"tags":[],"class_list":{"0":"post-12635","1":"post","2":"type-post","3":"status-publish","4":"format-standard","5":"has-post-thumbnail","7":"category-interior"},"aioseo_notices":[],"_links":{"self":[{"href":"https:\/\/lalupa24.com.ar\/index.php\/wp-json\/wp\/v2\/posts\/12635","targetHints":{"allow":["GET"]}}],"collection":[{"href":"https:\/\/lalupa24.com.ar\/index.php\/wp-json\/wp\/v2\/posts"}],"about":[{"href":"https:\/\/lalupa24.com.ar\/index.php\/wp-json\/wp\/v2\/types\/post"}],"author":[{"embeddable":true,"href":"https:\/\/lalupa24.com.ar\/index.php\/wp-json\/wp\/v2\/users\/2"}],"replies":[{"embeddable":true,"href":"https:\/\/lalupa24.com.ar\/index.php\/wp-json\/wp\/v2\/comments?post=12635"}],"version-history":[{"count":1,"href":"https:\/\/lalupa24.com.ar\/index.php\/wp-json\/wp\/v2\/posts\/12635\/revisions"}],"predecessor-version":[{"id":12638,"href":"https:\/\/lalupa24.com.ar\/index.php\/wp-json\/wp\/v2\/posts\/12635\/revisions\/12638"}],"wp:featuredmedia":[{"embeddable":true,"href":"https:\/\/lalupa24.com.ar\/index.php\/wp-json\/wp\/v2\/media\/12637"}],"wp:attachment":[{"href":"https:\/\/lalupa24.com.ar\/index.php\/wp-json\/wp\/v2\/media?parent=12635"}],"wp:term":[{"taxonomy":"category","embeddable":true,"href":"https:\/\/lalupa24.com.ar\/index.php\/wp-json\/wp\/v2\/categories?post=12635"},{"taxonomy":"post_tag","embeddable":true,"href":"https:\/\/lalupa24.com.ar\/index.php\/wp-json\/wp\/v2\/tags?post=12635"}],"curies":[{"name":"wp","href":"https:\/\/api.w.org\/{rel}","templated":true}]}}